{"id":20703,"date":"2025-06-24T13:14:26","date_gmt":"2025-06-24T13:14:26","guid":{"rendered":"https:\/\/derbusiness.com\/?p=20703"},"modified":"2026-03-31T13:36:51","modified_gmt":"2026-03-31T13:36:51","slug":"geschaeftsreise-unit-schliesst-sich-derpart-an","status":"publish","type":"post","link":"https:\/\/derbusiness.com\/fr\/2025\/06\/24\/geschaeftsreise-unit-schliesst-sich-derpart-an\/","title":{"rendered":"La nouvelle unit\u00e9 de voyages d'affaires de suedwest touristik et NettReisen rejoint DERPART"},"content":{"rendered":"<div data-elementor-type=\"wp-post\" data-elementor-id=\"20703\" class=\"elementor elementor-20703\" data-elementor-post-type=\"post\">\n\t\t\t\t\t\t<section class=\"elementor-section elementor-top-section elementor-element elementor-element-c29f91d elementor-hidden-desktop elementor-hidden-tablet elementor-hidden-mobile elementor-section-boxed elementor-section-height-default elementor-section-height-default\" data-id=\"c29f91d\" data-element_type=\"section\" data-e-type=\"section\" data-settings=\"{&quot;background_background&quot;:&quot;classic&quot;}\">\n\t\t\t\t\t\t\t<div class=\"elementor-background-overlay\"><\/div>\n\t\t\t\t\t\t\t<div class=\"elementor-container elementor-column-gap-default\">\n\t\t\t\t\t<div class=\"elementor-column elementor-col-100 elementor-top-column elementor-element elementor-element-a11edd5\" data-id=\"a11edd5\" data-element_type=\"column\" data-e-type=\"column\">\n\t\t\t<div class=\"elementor-widget-wrap elementor-element-populated\">\n\t\t\t\t<div class=\"elementor-element elementor-element-e4d9330 e-con-full e-flex e-con e-child\" data-id=\"e4d9330\" data-element_type=\"container\" data-e-type=\"container\">\n\t\t\t\t<div class=\"elementor-element elementor-element-8a799b9 elementor-widget elementor-widget-spacer\" data-id=\"8a799b9\" data-element_type=\"widget\" data-e-type=\"widget\" data-widget_type=\"spacer.default\">\n\t\t\t\t<div class=\"elementor-widget-container\">\n\t\t\t\t\t\t\t<div class=\"elementor-spacer\">\n\t\t\t<div class=\"elementor-spacer-inner\"><\/div>\n\t\t<\/div>\n\t\t\t\t\t\t<\/div>\n\t\t\t\t<\/div>\n\t\t\t\t<div class=\"elementor-element elementor-element-5610da4 elementor-widget elementor-widget-spacer\" data-id=\"5610da4\" data-element_type=\"widget\" data-e-type=\"widget\" data-widget_type=\"spacer.default\">\n\t\t\t\t<div class=\"elementor-widget-container\">\n\t\t\t\t\t\t\t<div class=\"elementor-spacer\">\n\t\t\t<div class=\"elementor-spacer-inner\"><\/div>\n\t\t<\/div>\n\t\t\t\t\t\t<\/div>\n\t\t\t\t<\/div>\n\t\t\t\t<\/div>\n\t\t\t\t\t<\/div>\n\t\t<\/div>\n\t\t\t\t\t<\/div>\n\t\t<\/section>\n\t\t\t\t<section class=\"elementor-section elementor-top-section elementor-element elementor-element-11ff021 elementor-section-boxed elementor-section-height-default elementor-section-height-default\" data-id=\"11ff021\" data-element_type=\"section\" data-e-type=\"section\">\n\t\t\t\t\t\t<div class=\"elementor-container elementor-column-gap-default\">\n\t\t\t\t\t<div class=\"elementor-column elementor-col-100 elementor-top-column elementor-element elementor-element-a2345df\" data-id=\"a2345df\" data-element_type=\"column\" data-e-type=\"column\">\n\t\t\t<div class=\"elementor-widget-wrap elementor-element-populated\">\n\t\t\t\t\t\t<div class=\"elementor-element elementor-element-fcf8e09 elementor-widget elementor-widget-text-editor\" data-id=\"fcf8e09\" data-element_type=\"widget\" data-e-type=\"widget\" data-widget_type=\"text-editor.default\">\n\t\t\t\t<div class=\"elementor-widget-container\">\n\t\t\t\t\t\t\t\t\t<p><nav aria-label=\"breadcrumbs\" class=\"rank-math-breadcrumb\"><p><span class=\"last\">Page d'accueil<\/span><\/p><\/nav><\/p>\t\t\t\t\t\t\t\t<\/div>\n\t\t\t\t<\/div>\n\t\t\t\t\t<\/div>\n\t\t<\/div>\n\t\t\t\t\t<\/div>\n\t\t<\/section>\n\t\t<div class=\"elementor-element elementor-element-6bd6306 e-flex e-con-boxed e-con e-parent\" data-id=\"6bd6306\" data-element_type=\"container\" data-e-type=\"container\">\n\t\t\t\t\t<div class=\"e-con-inner\">\n\t\t<div class=\"elementor-element elementor-element-6b82c4c e-flex e-con-boxed e-con e-child\" data-id=\"6b82c4c\" data-element_type=\"container\" data-e-type=\"container\" data-settings=\"{&quot;background_background&quot;:&quot;classic&quot;}\">\n\t\t\t\t\t<div class=\"e-con-inner\">\n\t\t\t\t<div class=\"elementor-element elementor-element-55e639d elementor-widget elementor-widget-spacer\" data-id=\"55e639d\" data-element_type=\"widget\" data-e-type=\"widget\" data-widget_type=\"spacer.default\">\n\t\t\t\t<div class=\"elementor-widget-container\">\n\t\t\t\t\t\t\t<div class=\"elementor-spacer\">\n\t\t\t<div class=\"elementor-spacer-inner\"><\/div>\n\t\t<\/div>\n\t\t\t\t\t\t<\/div>\n\t\t\t\t<\/div>\n\t\t\t\t<div class=\"elementor-element elementor-element-9ba2bd2 elementor-widget elementor-widget-heading\" data-id=\"9ba2bd2\" data-element_type=\"widget\" data-e-type=\"widget\" data-widget_type=\"heading.default\">\n\t\t\t\t<div class=\"elementor-widget-container\">\n\t\t\t\t\t<h1 class=\"elementor-heading-title elementor-size-default\">La nouvelle unit\u00e9 de voyages d'affaires de suedwest touristik et NettReisen rejoint DERPART<\/h1>\t\t\t\t<\/div>\n\t\t\t\t<\/div>\n\t\t\t\t<div class=\"elementor-element elementor-element-98f36a3 elementor-widget elementor-widget-post-info\" data-id=\"98f36a3\" data-element_type=\"widget\" data-e-type=\"widget\" data-widget_type=\"post-info.default\">\n\t\t\t\t<div class=\"elementor-widget-container\">\n\t\t\t\t\t\t\t<ul class=\"elementor-inline-items elementor-icon-list-items elementor-post-info\">\n\t\t\t\t\t\t\t\t<li class=\"elementor-icon-list-item elementor-repeater-item-f97af2f elementor-inline-item\" itemprop=\"datePublished\">\n\t\t\t\t\t\t<a href=\"https:\/\/derbusiness.com\/fr\/2025\/06\/24\/\">\n\t\t\t\t\t\t\t\t\t\t\t<span class=\"elementor-icon-list-icon\">\n\t\t\t\t\t\t\t\t<i aria-hidden=\"true\" class=\"fas fa-calendar\"><\/i>\t\t\t\t\t\t\t<\/span>\n\t\t\t\t\t\t\t\t\t<span class=\"elementor-icon-list-text elementor-post-info__item elementor-post-info__item--type-date\">\n\t\t\t\t\t\t\t\t\t\t<time>24 juin 2025<\/time>\t\t\t\t\t<\/span>\n\t\t\t\t\t\t\t\t\t<\/a>\n\t\t\t\t<\/li>\n\t\t\t\t<\/ul>\n\t\t\t\t\t\t<\/div>\n\t\t\t\t<\/div>\n\t\t\t\t<div class=\"elementor-element elementor-element-3dc9fc1 elementor-widget elementor-widget-text-editor\" data-id=\"3dc9fc1\" data-element_type=\"widget\" data-e-type=\"widget\" data-widget_type=\"text-editor.default\">\n\t\t\t\t<div class=\"elementor-widget-container\">\n\t\t\t\t\t\t\t\t\t<p>En avril 2025, suedwest touristik et NettReisen ont annonc\u00e9 leur partenariat strat\u00e9gique - y compris la fusion pr\u00e9vue de leurs secteurs de voyages d'affaires. La d\u00e9cision concernant la future appartenance \u00e0 la franchise est maintenant prise : La nouvelle unit\u00e9 commerciale commune des deux entreprises rejoindra le syst\u00e8me de franchise DERPART et donc la marque DER BUSINESS Travel le 1er avril 2026.<\/p><p>Avant leur fusion, les deux entreprises appartenaient \u00e0 des syst\u00e8mes de franchise diff\u00e9rents - NettReisen op\u00e9rait sous l'\u00e9gide de DERPART, le secteur des voyages d'affaires de suedwest touristik en tant que Lufthansa City Center. Apr\u00e8s un examen approfondi, la nouvelle soci\u00e9t\u00e9 a opt\u00e9 pour DER BUSINESS Travel. Pour les futurs directeurs Michael Jobst et Benedikt Weimann, les facteurs d\u00e9cisifs pour cette d\u00e9cision ont \u00e9t\u00e9 le solide r\u00e9seau DERPART, les technologies modernes, la culture de partenariat, la flexibilit\u00e9 ainsi que la marge de man\u0153uvre entrepreneuriale. Le plan clair pour l'avenir a \u00e9galement \u00e9t\u00e9 important.<\/p><p>Andreas Weber, directeur g\u00e9n\u00e9ral de DERPART, se f\u00e9licite de cette nouvelle arriv\u00e9e : \"Nous sommes tr\u00e8s heureux de cette d\u00e9cision. Aujourd'hui, pour se repositionner sur le march\u00e9 du voyage d'affaires, il faut un r\u00e9seau solide, une excellence num\u00e9rique et une libert\u00e9 d'entreprendre. Le fait que la nouvelle Business Unit ait choisi DERPART confirme notre voie - et renforce notre r\u00f4le de partenaire fiable sur le march\u00e9 du voyage d'affaires de demain\".<\/p><p>Le pr\u00e9sident du conseil de surveillance de DERPART, Andreas Heimann, ajoute : \"La d\u00e9cision de suedwest touristik et NettReisen ne renforce pas seulement le r\u00e9seau DERPART, mais souligne \u00e9galement la viabilit\u00e9 de notre mod\u00e8le ax\u00e9 sur les entreprises. En tant que conseil de surveillance, nous voyons dans ce partenariat une impulsion strat\u00e9gique importante pour continuer \u00e0 d\u00e9velopper notre position sur le march\u00e9 des voyages d'affaires\".<\/p><p>Depuis avril 2025, suedwest touristik, l'un des principaux groupes d'agences de voyages g\u00e9r\u00e9s par leurs propri\u00e9taires en Allemagne, d\u00e9tient une participation dans NettReisen GmbH et entend ainsi poursuivre sa croissance. NettReisen de Munich, dirig\u00e9 par Christian Weimann et son fils Benedikt Weimann, a r\u00e9alis\u00e9 en 2024 un chiffre d'affaires de plus de 60 millions d'euros et est un acteur important de la distribution stationnaire. Dans le cadre de sa r\u00e9orientation strat\u00e9gique, suedwest touristik a int\u00e9gr\u00e9 la branche Leisure de NettReisen et a renforc\u00e9 sa pr\u00e9sence r\u00e9gionale dans le sud.<\/p><p>Dans le domaine des voyages d'affaires, les unit\u00e9s commerciales des deux entreprises ont fusionn\u00e9 pour former une nouvelle organisation ; leur fusion compl\u00e8te devrait \u00eatre achev\u00e9e d'ici fin 2025. Cela a permis de regrouper les volumes et de r\u00e9duire les co\u00fbts.<\/p>\t\t\t\t\t\t\t\t<\/div>\n\t\t\t\t<\/div>\n\t\t\t\t<div class=\"elementor-element elementor-element-7621ee9 elementor-widget elementor-widget-text-editor\" data-id=\"7621ee9\" data-element_type=\"widget\" data-e-type=\"widget\" data-widget_type=\"text-editor.default\">\n\t\t\t\t<div class=\"elementor-widget-container\">\n\t\t\t\t\t\t\t\t\t<p><img decoding=\"async\" class=\"alignleft wp-image-16975\" src=\"https:\/\/derbusiness.com\/wp-content\/uploads\/2024\/09\/datei-300x300.png\" alt=\"\" width=\"24\" height=\"24\" srcset=\"https:\/\/derbusiness.com\/wp-content\/uploads\/2024\/09\/datei-300x300.png 300w, https:\/\/derbusiness.com\/wp-content\/uploads\/2024\/09\/datei-150x150.png 150w, https:\/\/derbusiness.com\/wp-content\/uploads\/2024\/09\/datei.png 512w\" sizes=\"(max-width: 24px) 100vw, 24px\" \/><a href=\"https:\/\/derbusiness.com\/wp-content\/uploads\/2025\/06\/250624_DER_BUSINESS_Travel_PM_Neuer_Franchisepartner_suedwest_touristik_NettReisen.pdf\">Communiqu\u00e9 de presse \"La nouvelle unit\u00e9 de voyages d'affaires de suedwest touristik et NettReisen rejoint DERPART\"<\/a><\/p>\t\t\t\t\t\t\t\t<\/div>\n\t\t\t\t<\/div>\n\t\t\t\t<div class=\"elementor-element elementor-element-9df611f elementor-widget elementor-widget-spacer\" data-id=\"9df611f\" data-element_type=\"widget\" data-e-type=\"widget\" data-widget_type=\"spacer.default\">\n\t\t\t\t<div class=\"elementor-widget-container\">\n\t\t\t\t\t\t\t<div class=\"elementor-spacer\">\n\t\t\t<div class=\"elementor-spacer-inner\"><\/div>\n\t\t<\/div>\n\t\t\t\t\t\t<\/div>\n\t\t\t\t<\/div>\n\t\t<div class=\"elementor-element elementor-element-17c2794 e-flex e-con-boxed e-con e-child\" data-id=\"17c2794\" data-element_type=\"container\" data-e-type=\"container\" data-settings=\"{&quot;background_background&quot;:&quot;classic&quot;}\">\n\t\t\t\t\t<div class=\"e-con-inner\">\n\t\t\t\t<div class=\"elementor-element elementor-element-cd510ee elementor-widget elementor-widget-heading\" data-id=\"cd510ee\" data-element_type=\"widget\" data-e-type=\"widget\" data-widget_type=\"heading.default\">\n\t\t\t\t<div class=\"elementor-widget-container\">\n\t\t\t\t\t<h2 class=\"elementor-heading-title elementor-size-default\">Contact presse<\/h2>\t\t\t\t<\/div>\n\t\t\t\t<\/div>\n\t\t<div class=\"elementor-element elementor-element-a7ea5e0 e-flex e-con-boxed e-con e-child\" data-id=\"a7ea5e0\" data-element_type=\"container\" data-e-type=\"container\">\n\t\t\t\t\t<div class=\"e-con-inner\">\n\t\t\t\t<div class=\"elementor-element elementor-element-279e44a elementor-widget elementor-widget-text-editor\" data-id=\"279e44a\" data-element_type=\"widget\" data-e-type=\"widget\" data-widget_type=\"text-editor.default\">\n\t\t\t\t<div class=\"elementor-widget-container\">\n\t\t\t\t\t\t\t\t\t<p>Vous avez des questions sur l'un de nos communiqu\u00e9s de presse ou une demande g\u00e9n\u00e9rale concernant la presse ? Dans ce cas, veuillez vous adresser directement \u00e0 :<\/p><p>Ulrike Hahn<br \/>Global Communication Experts GmbH<br \/>Presse et relations publiques DERPART<\/p><p>Hanauer Landstr. 184<br \/>60314 Francfort<br \/>t : +49 69 17 53 71-064<br \/>f : +49 69 17 53 71-035<br \/>presse.derpart@gce-agency.com<\/p>\t\t\t\t\t\t\t\t<\/div>\n\t\t\t\t<\/div>\n\t\t\t\t\t<\/div>\n\t\t\t\t<\/div>\n\t\t\t\t\t<\/div>\n\t\t\t\t<\/div>\n\t\t\t\t<div class=\"elementor-element elementor-element-db941d2 elementor-widget elementor-widget-spacer\" data-id=\"db941d2\" data-element_type=\"widget\" data-e-type=\"widget\" data-widget_type=\"spacer.default\">\n\t\t\t\t<div class=\"elementor-widget-container\">\n\t\t\t\t\t\t\t<div class=\"elementor-spacer\">\n\t\t\t<div class=\"elementor-spacer-inner\"><\/div>\n\t\t<\/div>\n\t\t\t\t\t\t<\/div>\n\t\t\t\t<\/div>\n\t\t\t\t\t<\/div>\n\t\t\t\t<\/div>\n\t\t\t\t\t<\/div>\n\t\t\t\t<\/div>\n\t\t\t\t<\/div>","protected":false},"excerpt":{"rendered":"<p>Im April 2025 gaben suedwest touristik und NettReisen ihre strategische Partnerschaft bekannt \u2013 inklusive der geplanten Zusammenf\u00fchrung ihrer Gesch\u00e4ftsreisebereiche. Nun ist die Entscheidung \u00fcber die k\u00fcnftige Franchise-Zugeh\u00f6rigkeit gefallen: Die neue, gemeinsame Business-Unit der beiden Unternehmen wird sich zum 1. April 2026 dem DERPART Franchise-System und damit der Marke DER BUSINESS Travel anschlie\u00dfen. Vor ihrer Fusion [&hellip;]<\/p>\n","protected":false},"author":10,"featured_media":0,"comment_status":"closed","ping_status":"closed","sticky":false,"template":"elementor_header_footer","format":"standard","meta":{"footnotes":""},"categories":[21],"tags":[],"class_list":["post-20703","post","type-post","status-publish","format-standard","hentry","category-presse"],"_links":{"self":[{"href":"https:\/\/derbusiness.com\/fr\/wp-json\/wp\/v2\/posts\/20703","targetHints":{"allow":["GET"]}}],"collection":[{"href":"https:\/\/derbusiness.com\/fr\/wp-json\/wp\/v2\/posts"}],"about":[{"href":"https:\/\/derbusiness.com\/fr\/wp-json\/wp\/v2\/types\/post"}],"author":[{"embeddable":true,"href":"https:\/\/derbusiness.com\/fr\/wp-json\/wp\/v2\/users\/10"}],"replies":[{"embeddable":true,"href":"https:\/\/derbusiness.com\/fr\/wp-json\/wp\/v2\/comments?post=20703"}],"version-history":[{"count":10,"href":"https:\/\/derbusiness.com\/fr\/wp-json\/wp\/v2\/posts\/20703\/revisions"}],"predecessor-version":[{"id":23113,"href":"https:\/\/derbusiness.com\/fr\/wp-json\/wp\/v2\/posts\/20703\/revisions\/23113"}],"wp:attachment":[{"href":"https:\/\/derbusiness.com\/fr\/wp-json\/wp\/v2\/media?parent=20703"}],"wp:term":[{"taxonomy":"category","embeddable":true,"href":"https:\/\/derbusiness.com\/fr\/wp-json\/wp\/v2\/categories?post=20703"},{"taxonomy":"post_tag","embeddable":true,"href":"https:\/\/derbusiness.com\/fr\/wp-json\/wp\/v2\/tags?post=20703"}],"curies":[{"name":"wp","href":"https:\/\/api.w.org\/{rel}","templated":true}]}}