{"id":20095,"date":"2025-05-22T06:30:51","date_gmt":"2025-05-22T06:30:51","guid":{"rendered":"https:\/\/derbusiness.com\/?p=20095"},"modified":"2026-03-31T13:29:00","modified_gmt":"2026-03-31T13:29:00","slug":"focus-travel-derpart","status":"publish","type":"post","link":"https:\/\/derbusiness.com\/fr\/2025\/05\/22\/focus-travel-derpart\/","title":{"rendered":"Focus Travel rejoint DERPART le 1er octobre"},"content":{"rendered":"<div data-elementor-type=\"wp-post\" data-elementor-id=\"20095\" class=\"elementor elementor-20095\" data-elementor-post-type=\"post\">\n\t\t\t\t\t\t<section class=\"elementor-section elementor-top-section elementor-element elementor-element-c29f91d elementor-hidden-desktop elementor-hidden-tablet elementor-hidden-mobile elementor-section-boxed elementor-section-height-default elementor-section-height-default\" data-id=\"c29f91d\" data-element_type=\"section\" data-e-type=\"section\" data-settings=\"{&quot;background_background&quot;:&quot;classic&quot;}\">\n\t\t\t\t\t\t\t<div class=\"elementor-background-overlay\"><\/div>\n\t\t\t\t\t\t\t<div class=\"elementor-container elementor-column-gap-default\">\n\t\t\t\t\t<div class=\"elementor-column elementor-col-100 elementor-top-column elementor-element elementor-element-a11edd5\" data-id=\"a11edd5\" data-element_type=\"column\" data-e-type=\"column\">\n\t\t\t<div class=\"elementor-widget-wrap elementor-element-populated\">\n\t\t\t\t<div class=\"elementor-element elementor-element-e4d9330 e-con-full e-flex e-con e-child\" data-id=\"e4d9330\" data-element_type=\"container\" data-e-type=\"container\">\n\t\t\t\t<div class=\"elementor-element elementor-element-8a799b9 elementor-widget elementor-widget-spacer\" data-id=\"8a799b9\" data-element_type=\"widget\" data-e-type=\"widget\" data-widget_type=\"spacer.default\">\n\t\t\t\t<div class=\"elementor-widget-container\">\n\t\t\t\t\t\t\t<div class=\"elementor-spacer\">\n\t\t\t<div class=\"elementor-spacer-inner\"><\/div>\n\t\t<\/div>\n\t\t\t\t\t\t<\/div>\n\t\t\t\t<\/div>\n\t\t\t\t<div class=\"elementor-element elementor-element-5610da4 elementor-widget elementor-widget-spacer\" data-id=\"5610da4\" data-element_type=\"widget\" data-e-type=\"widget\" data-widget_type=\"spacer.default\">\n\t\t\t\t<div class=\"elementor-widget-container\">\n\t\t\t\t\t\t\t<div class=\"elementor-spacer\">\n\t\t\t<div class=\"elementor-spacer-inner\"><\/div>\n\t\t<\/div>\n\t\t\t\t\t\t<\/div>\n\t\t\t\t<\/div>\n\t\t\t\t<\/div>\n\t\t\t\t\t<\/div>\n\t\t<\/div>\n\t\t\t\t\t<\/div>\n\t\t<\/section>\n\t\t\t\t<section class=\"elementor-section elementor-top-section elementor-element elementor-element-11ff021 elementor-section-boxed elementor-section-height-default elementor-section-height-default\" data-id=\"11ff021\" data-element_type=\"section\" data-e-type=\"section\">\n\t\t\t\t\t\t<div class=\"elementor-container elementor-column-gap-default\">\n\t\t\t\t\t<div class=\"elementor-column elementor-col-100 elementor-top-column elementor-element elementor-element-a2345df\" data-id=\"a2345df\" data-element_type=\"column\" data-e-type=\"column\">\n\t\t\t<div class=\"elementor-widget-wrap elementor-element-populated\">\n\t\t\t\t\t\t<div class=\"elementor-element elementor-element-fcf8e09 elementor-widget elementor-widget-text-editor\" data-id=\"fcf8e09\" data-element_type=\"widget\" data-e-type=\"widget\" data-widget_type=\"text-editor.default\">\n\t\t\t\t<div class=\"elementor-widget-container\">\n\t\t\t\t\t\t\t\t\t<p><nav aria-label=\"breadcrumbs\" class=\"rank-math-breadcrumb\"><p><span class=\"last\">Page d'accueil<\/span><\/p><\/nav><\/p>\t\t\t\t\t\t\t\t<\/div>\n\t\t\t\t<\/div>\n\t\t\t\t\t<\/div>\n\t\t<\/div>\n\t\t\t\t\t<\/div>\n\t\t<\/section>\n\t\t<div class=\"elementor-element elementor-element-6bd6306 e-flex e-con-boxed e-con e-parent\" data-id=\"6bd6306\" data-element_type=\"container\" data-e-type=\"container\">\n\t\t\t\t\t<div class=\"e-con-inner\">\n\t\t<div class=\"elementor-element elementor-element-6b82c4c e-flex e-con-boxed e-con e-child\" data-id=\"6b82c4c\" data-element_type=\"container\" data-e-type=\"container\" data-settings=\"{&quot;background_background&quot;:&quot;classic&quot;}\">\n\t\t\t\t\t<div class=\"e-con-inner\">\n\t\t\t\t<div class=\"elementor-element elementor-element-55e639d elementor-widget elementor-widget-spacer\" data-id=\"55e639d\" data-element_type=\"widget\" data-e-type=\"widget\" data-widget_type=\"spacer.default\">\n\t\t\t\t<div class=\"elementor-widget-container\">\n\t\t\t\t\t\t\t<div class=\"elementor-spacer\">\n\t\t\t<div class=\"elementor-spacer-inner\"><\/div>\n\t\t<\/div>\n\t\t\t\t\t\t<\/div>\n\t\t\t\t<\/div>\n\t\t\t\t<div class=\"elementor-element elementor-element-9ba2bd2 elementor-widget elementor-widget-heading\" data-id=\"9ba2bd2\" data-element_type=\"widget\" data-e-type=\"widget\" data-widget_type=\"heading.default\">\n\t\t\t\t<div class=\"elementor-widget-container\">\n\t\t\t\t\t<h1 class=\"elementor-heading-title elementor-size-default\">Focus Travel rejoint DERPART le 1er octobre<\/h1>\t\t\t\t<\/div>\n\t\t\t\t<\/div>\n\t\t\t\t<div class=\"elementor-element elementor-element-33ae9d8 elementor-widget elementor-widget-heading\" data-id=\"33ae9d8\" data-element_type=\"widget\" data-e-type=\"widget\" data-widget_type=\"heading.default\">\n\t\t\t\t<div class=\"elementor-widget-container\">\n\t\t\t\t\t<h2 class=\"elementor-heading-title elementor-size-default\">Un r\u00e9seau solide, une avance technologique et une conviction personnelle conduisent \u00e0 un changement de franchise<\/h2>\t\t\t\t<\/div>\n\t\t\t\t<\/div>\n\t\t\t\t<div class=\"elementor-element elementor-element-98f36a3 elementor-widget elementor-widget-post-info\" data-id=\"98f36a3\" data-element_type=\"widget\" data-e-type=\"widget\" data-widget_type=\"post-info.default\">\n\t\t\t\t<div class=\"elementor-widget-container\">\n\t\t\t\t\t\t\t<ul class=\"elementor-inline-items elementor-icon-list-items elementor-post-info\">\n\t\t\t\t\t\t\t\t<li class=\"elementor-icon-list-item elementor-repeater-item-f97af2f elementor-inline-item\" itemprop=\"datePublished\">\n\t\t\t\t\t\t<a href=\"https:\/\/derbusiness.com\/fr\/2025\/05\/22\/\">\n\t\t\t\t\t\t\t\t\t\t\t<span class=\"elementor-icon-list-icon\">\n\t\t\t\t\t\t\t\t<i aria-hidden=\"true\" class=\"fas fa-calendar\"><\/i>\t\t\t\t\t\t\t<\/span>\n\t\t\t\t\t\t\t\t\t<span class=\"elementor-icon-list-text elementor-post-info__item elementor-post-info__item--type-date\">\n\t\t\t\t\t\t\t\t\t\t<time>22 mai 2025<\/time>\t\t\t\t\t<\/span>\n\t\t\t\t\t\t\t\t\t<\/a>\n\t\t\t\t<\/li>\n\t\t\t\t<\/ul>\n\t\t\t\t\t\t<\/div>\n\t\t\t\t<\/div>\n\t\t\t\t<div class=\"elementor-element elementor-element-3dc9fc1 elementor-widget elementor-widget-text-editor\" data-id=\"3dc9fc1\" data-element_type=\"widget\" data-e-type=\"widget\" data-widget_type=\"text-editor.default\">\n\t\t\t\t<div class=\"elementor-widget-container\">\n\t\t\t\t\t\t\t\t\t<p>Focus Travel e.K., dont les bureaux sont situ\u00e9s \u00e0 Munich et Traunstein, fera partie du r\u00e9seau DERPART \u00e0 partir du 1er octobre 2025. La distribution sera d\u00e9sormais assur\u00e9e par la marque de voyages d'affaires DER BUSINESS Travel (DER BT). L'associ\u00e9 g\u00e9rant Daniel Schubert et le directeur des op\u00e9rations Christian Krause, tous deux actifs avec succ\u00e8s sur le march\u00e9 des voyages d'affaires depuis plus de deux d\u00e9cennies, voient dans le partenariat avec DERPART et DER BT un d\u00e9veloppement strat\u00e9gique id\u00e9al pour leur entreprise.<\/p><p>Les deux entrepreneurs ont une longue exp\u00e9rience dans le r\u00e9seau Uniglobe. En janvier 2023, ils ont fusionn\u00e9 leurs activit\u00e9s respectives : Aujourd'hui, l'\u00e9quipe compte environ 25 collaborateurs r\u00e9partis sur deux sites et se concentre clairement sur les moyennes entreprises du secteur de la production.<\/p><p>L'impulsion pour la r\u00e9orientation a \u00e9t\u00e9 donn\u00e9e par un entretien personnel avec un partenaire franchis\u00e9 DER BUSINESS Travel existant. Son \u00e9valuation ouverte et honn\u00eate de la collaboration ainsi que la pr\u00e9sentation positive du r\u00e9seau ont \u00e9veill\u00e9 l'int\u00e9r\u00eat de Daniel Schubert et Christian Krause, qui ont d\u00e9cid\u00e9 d'\u00e9tudier de mani\u00e8re plus approfondie les possibilit\u00e9s de changement de syst\u00e8me. Par la suite, les premiers entretiens avec DER BUSINESS Travel ont eu lieu et il est rapidement apparu qu'il existait une base solide pour un partenariat, tant sur le plan du contenu que sur le plan personnel.<\/p><p>Ces derni\u00e8res ann\u00e9es, les exigences du segment des voyages d'affaires ont consid\u00e9rablement \u00e9volu\u00e9. Outre les avantages li\u00e9s \u00e0 l'achat et l'acc\u00e8s \u00e0 des services fiables<\/p><p>partenaires de prestations, le soutien technologique joue un r\u00f4le de plus en plus important. Les clients attendent des solutions compl\u00e8tes - des applications mobiles \u00e0 la gestion des risques en passant par des rapports pertinents. Lors de la recherche d'un partenaire qui soit \u00e0 la pointe tant en termes de conditions que d'outils num\u00e9riques, DER BUSINESS Travel a su convaincre sur toute la ligne.<\/p><p>\"Au final, les affaires se font toujours avec des personnes. Et le dialogue personnel avec l'\u00e9quipe DERPART, en particulier Katja Vortmann de DER BUSINESS Travel, a \u00e9t\u00e9 convaincant d\u00e8s le premier entretien - l'alchimie a tout simplement fonctionn\u00e9\", explique Daniel Schubert. \"Ce qui nous a particuli\u00e8rement enthousiasm\u00e9s, c'est la combinaison d'une structure professionnelle, d'une force technologique et d'un \u00e9change tr\u00e8s partenarial. \u00c0 cela s'ajoute la pr\u00e9sence l\u00e9gendaire du groupe DERTOUR en Allemagne - cela nous a confort\u00e9s dans notre d\u00e9cision\". L'acc\u00e8s \u00e0 un solide r\u00e9seau de franchises a \u00e9galement jou\u00e9 un r\u00f4le d\u00e9cisif pour Schubert et Krause. Selon eux, l'\u00e9change r\u00e9gulier avec d'autres partenaires n'est pas seulement enrichissant sur le plan personnel, mais constitue \u00e9galement une source d'inspiration pr\u00e9cieuse pour toute l'\u00e9quipe.<\/p><p>Andreas Weber, directeur g\u00e9n\u00e9ral de DERPART, se r\u00e9jouit de l'arriv\u00e9e de ce nouveau membre : \"Focus Travel n'apporte pas seulement une grande exp\u00e9rience, mais aussi une attitude tourn\u00e9e vers l'avenir. Daniel Schubert et Christian Krause ont compris tr\u00e8s t\u00f4t l'importance de la technologie, du conseil personnalis\u00e9 et des r\u00e9seaux fiables pour le march\u00e9 du voyage d'affaires de demain. Nous sommes tr\u00e8s heureux de poser de nouveaux jalons avec l'\u00e9quipe\".<\/p><p>Andreas Heimann, pr\u00e9sident du conseil de surveillance de DERPART, ajoute : \"Avec Focus Travel, nous gagnons un partenaire qui convient parfaitement \u00e0 notre famille DERPART. La d\u00e9cision de Daniel Schubert et Christian Krause montre que notre syst\u00e8me de franchise n'est pas seulement convaincant sur le plan \u00e9conomique, mais qu'il est \u00e9galement per\u00e7u comme un r\u00e9seau orient\u00e9 vers l'avenir. Nous souhaitons la bienvenue \u00e0 toute l'\u00e9quipe\".<\/p>\t\t\t\t\t\t\t\t<\/div>\n\t\t\t\t<\/div>\n\t\t\t\t<div class=\"elementor-element elementor-element-7621ee9 elementor-widget elementor-widget-text-editor\" data-id=\"7621ee9\" data-element_type=\"widget\" data-e-type=\"widget\" data-widget_type=\"text-editor.default\">\n\t\t\t\t<div class=\"elementor-widget-container\">\n\t\t\t\t\t\t\t\t\t<p><img decoding=\"async\" class=\"alignleft wp-image-16975\" src=\"https:\/\/derbusiness.com\/wp-content\/uploads\/2024\/09\/datei-300x300.png\" alt=\"\" width=\"24\" height=\"24\" srcset=\"https:\/\/derbusiness.com\/wp-content\/uploads\/2024\/09\/datei-300x300.png 300w, https:\/\/derbusiness.com\/wp-content\/uploads\/2024\/09\/datei-150x150.png 150w, https:\/\/derbusiness.com\/wp-content\/uploads\/2024\/09\/datei.png 512w\" sizes=\"(max-width: 24px) 100vw, 24px\" \/><a href=\"https:\/\/derbusiness.com\/wp-content\/uploads\/2025\/05\/25050522_DER_BUSINESS_Travel_PM_Neuer_Franchisepartner_Focus_Travel.pdf\">Communiqu\u00e9 de presse \"Focus Travel rejoint DERPART le 1er octobre\".<\/a><\/p>\t\t\t\t\t\t\t\t<\/div>\n\t\t\t\t<\/div>\n\t\t\t\t<div class=\"elementor-element elementor-element-9df611f elementor-widget elementor-widget-spacer\" data-id=\"9df611f\" data-element_type=\"widget\" data-e-type=\"widget\" data-widget_type=\"spacer.default\">\n\t\t\t\t<div class=\"elementor-widget-container\">\n\t\t\t\t\t\t\t<div class=\"elementor-spacer\">\n\t\t\t<div class=\"elementor-spacer-inner\"><\/div>\n\t\t<\/div>\n\t\t\t\t\t\t<\/div>\n\t\t\t\t<\/div>\n\t\t<div class=\"elementor-element elementor-element-17c2794 e-flex e-con-boxed e-con e-child\" data-id=\"17c2794\" data-element_type=\"container\" data-e-type=\"container\" data-settings=\"{&quot;background_background&quot;:&quot;classic&quot;}\">\n\t\t\t\t\t<div class=\"e-con-inner\">\n\t\t\t\t<div class=\"elementor-element elementor-element-cd510ee elementor-widget elementor-widget-heading\" data-id=\"cd510ee\" data-element_type=\"widget\" data-e-type=\"widget\" data-widget_type=\"heading.default\">\n\t\t\t\t<div class=\"elementor-widget-container\">\n\t\t\t\t\t<h2 class=\"elementor-heading-title elementor-size-default\">Contact presse<\/h2>\t\t\t\t<\/div>\n\t\t\t\t<\/div>\n\t\t<div class=\"elementor-element elementor-element-a7ea5e0 e-flex e-con-boxed e-con e-child\" data-id=\"a7ea5e0\" data-element_type=\"container\" data-e-type=\"container\">\n\t\t\t\t\t<div class=\"e-con-inner\">\n\t\t\t\t<div class=\"elementor-element elementor-element-279e44a elementor-widget elementor-widget-text-editor\" data-id=\"279e44a\" data-element_type=\"widget\" data-e-type=\"widget\" data-widget_type=\"text-editor.default\">\n\t\t\t\t<div class=\"elementor-widget-container\">\n\t\t\t\t\t\t\t\t\t<p>Vous avez des questions sur l'un de nos communiqu\u00e9s de presse ou une demande g\u00e9n\u00e9rale concernant la presse ? Dans ce cas, veuillez vous adresser directement \u00e0 :<\/p><p>Ulrike Hahn<br \/>Global Communication Experts GmbH<br \/>Presse et relations publiques DERPART<\/p><p>Hanauer Landstr. 184<br \/>60314 Francfort<br \/>t : +49 69 17 53 71-064<br \/>f : +49 69 17 53 71-035<br \/>presse.derpart@gce-agency.com<\/p>\t\t\t\t\t\t\t\t<\/div>\n\t\t\t\t<\/div>\n\t\t\t\t\t<\/div>\n\t\t\t\t<\/div>\n\t\t\t\t\t<\/div>\n\t\t\t\t<\/div>\n\t\t\t\t<div class=\"elementor-element elementor-element-db941d2 elementor-widget elementor-widget-spacer\" data-id=\"db941d2\" data-element_type=\"widget\" data-e-type=\"widget\" data-widget_type=\"spacer.default\">\n\t\t\t\t<div class=\"elementor-widget-container\">\n\t\t\t\t\t\t\t<div class=\"elementor-spacer\">\n\t\t\t<div class=\"elementor-spacer-inner\"><\/div>\n\t\t<\/div>\n\t\t\t\t\t\t<\/div>\n\t\t\t\t<\/div>\n\t\t\t\t\t<\/div>\n\t\t\t\t<\/div>\n\t\t\t\t\t<\/div>\n\t\t\t\t<\/div>\n\t\t<div class=\"elementor-element elementor-element-90fc282 e-flex e-con-boxed e-con e-parent\" data-id=\"90fc282\" data-element_type=\"container\" data-e-type=\"container\">\n\t\t\t\t\t<div class=\"e-con-inner\">\n\t\t\t\t<div class=\"elementor-element elementor-element-6eab159 elementor-widget elementor-widget-spacer\" data-id=\"6eab159\" data-element_type=\"widget\" data-e-type=\"widget\" data-widget_type=\"spacer.default\">\n\t\t\t\t<div class=\"elementor-widget-container\">\n\t\t\t\t\t\t\t<div class=\"elementor-spacer\">\n\t\t\t<div class=\"elementor-spacer-inner\"><\/div>\n\t\t<\/div>\n\t\t\t\t\t\t<\/div>\n\t\t\t\t<\/div>\n\t\t\t\t\t<\/div>\n\t\t\t\t<\/div>\n\t\t\t\t<\/div>","protected":false},"excerpt":{"rendered":"<p>Starkes Netzwerk, technologischer Vorsprung und pers\u00f6nliche \u00dcberzeugung f\u00fchren zum Franchise-Wechsel Focus Travel e.K. mit Standorten in M\u00fcnchen und Traunstein wird zum 1. Oktober 2025 Teil des DERPART Netzwerks. Der Vertrieb erfolgt k\u00fcnftig \u00fcber die Gesch\u00e4ftsreisemarke DER BUSINESS Travel (DER BT). Gesch\u00e4ftsf\u00fchrender Gesellschafter Daniel Schubert und Director of Operations Christian Krause, beide seit mehr als zwei [&hellip;]<\/p>\n","protected":false},"author":10,"featured_media":0,"comment_status":"closed","ping_status":"closed","sticky":false,"template":"elementor_header_footer","format":"standard","meta":{"footnotes":""},"categories":[21],"tags":[],"class_list":["post-20095","post","type-post","status-publish","format-standard","hentry","category-presse"],"_links":{"self":[{"href":"https:\/\/derbusiness.com\/fr\/wp-json\/wp\/v2\/posts\/20095","targetHints":{"allow":["GET"]}}],"collection":[{"href":"https:\/\/derbusiness.com\/fr\/wp-json\/wp\/v2\/posts"}],"about":[{"href":"https:\/\/derbusiness.com\/fr\/wp-json\/wp\/v2\/types\/post"}],"author":[{"embeddable":true,"href":"https:\/\/derbusiness.com\/fr\/wp-json\/wp\/v2\/users\/10"}],"replies":[{"embeddable":true,"href":"https:\/\/derbusiness.com\/fr\/wp-json\/wp\/v2\/comments?post=20095"}],"version-history":[{"count":13,"href":"https:\/\/derbusiness.com\/fr\/wp-json\/wp\/v2\/posts\/20095\/revisions"}],"predecessor-version":[{"id":23100,"href":"https:\/\/derbusiness.com\/fr\/wp-json\/wp\/v2\/posts\/20095\/revisions\/23100"}],"wp:attachment":[{"href":"https:\/\/derbusiness.com\/fr\/wp-json\/wp\/v2\/media?parent=20095"}],"wp:term":[{"taxonomy":"category","embeddable":true,"href":"https:\/\/derbusiness.com\/fr\/wp-json\/wp\/v2\/categories?post=20095"},{"taxonomy":"post_tag","embeddable":true,"href":"https:\/\/derbusiness.com\/fr\/wp-json\/wp\/v2\/tags?post=20095"}],"curies":[{"name":"wp","href":"https:\/\/api.w.org\/{rel}","templated":true}]}}