{"id":18064,"date":"2024-11-12T16:00:00","date_gmt":"2024-11-12T16:00:00","guid":{"rendered":"https:\/\/derbusiness.com\/?p=18064"},"modified":"2026-03-31T13:25:52","modified_gmt":"2026-03-31T13:25:52","slug":"2-der-business-travel-club","status":"publish","type":"post","link":"https:\/\/derbusiness.com\/fr\/2024\/11\/12\/2-der-business-travel-club\/","title":{"rendered":"2. DER BUSINESS Travel Club : \u00e9v\u00e9nement interactif pour les professionnels du voyage d'affaires"},"content":{"rendered":"<div data-elementor-type=\"wp-post\" data-elementor-id=\"18064\" class=\"elementor elementor-18064\" data-elementor-post-type=\"post\">\n\t\t\t\t\t\t<section class=\"elementor-section elementor-top-section elementor-element elementor-element-c29f91d elementor-hidden-desktop elementor-hidden-tablet elementor-hidden-mobile elementor-section-boxed elementor-section-height-default elementor-section-height-default\" data-id=\"c29f91d\" data-element_type=\"section\" data-e-type=\"section\" data-settings=\"{&quot;background_background&quot;:&quot;classic&quot;}\">\n\t\t\t\t\t\t\t<div class=\"elementor-background-overlay\"><\/div>\n\t\t\t\t\t\t\t<div class=\"elementor-container elementor-column-gap-default\">\n\t\t\t\t\t<div class=\"elementor-column elementor-col-100 elementor-top-column elementor-element elementor-element-a11edd5\" data-id=\"a11edd5\" data-element_type=\"column\" data-e-type=\"column\">\n\t\t\t<div class=\"elementor-widget-wrap elementor-element-populated\">\n\t\t\t\t<div class=\"elementor-element elementor-element-e4d9330 e-con-full e-flex e-con e-child\" data-id=\"e4d9330\" data-element_type=\"container\" data-e-type=\"container\">\n\t\t\t\t<div class=\"elementor-element elementor-element-8a799b9 elementor-widget elementor-widget-spacer\" data-id=\"8a799b9\" data-element_type=\"widget\" data-e-type=\"widget\" data-widget_type=\"spacer.default\">\n\t\t\t\t<div class=\"elementor-widget-container\">\n\t\t\t\t\t\t\t<div class=\"elementor-spacer\">\n\t\t\t<div class=\"elementor-spacer-inner\"><\/div>\n\t\t<\/div>\n\t\t\t\t\t\t<\/div>\n\t\t\t\t<\/div>\n\t\t\t\t<div class=\"elementor-element elementor-element-5610da4 elementor-widget elementor-widget-spacer\" data-id=\"5610da4\" data-element_type=\"widget\" data-e-type=\"widget\" data-widget_type=\"spacer.default\">\n\t\t\t\t<div class=\"elementor-widget-container\">\n\t\t\t\t\t\t\t<div class=\"elementor-spacer\">\n\t\t\t<div class=\"elementor-spacer-inner\"><\/div>\n\t\t<\/div>\n\t\t\t\t\t\t<\/div>\n\t\t\t\t<\/div>\n\t\t\t\t<\/div>\n\t\t\t\t\t<\/div>\n\t\t<\/div>\n\t\t\t\t\t<\/div>\n\t\t<\/section>\n\t\t\t\t<section class=\"elementor-section elementor-top-section elementor-element elementor-element-11ff021 elementor-section-boxed elementor-section-height-default elementor-section-height-default\" data-id=\"11ff021\" data-element_type=\"section\" data-e-type=\"section\">\n\t\t\t\t\t\t<div class=\"elementor-container elementor-column-gap-default\">\n\t\t\t\t\t<div class=\"elementor-column elementor-col-100 elementor-top-column elementor-element elementor-element-a2345df\" data-id=\"a2345df\" data-element_type=\"column\" data-e-type=\"column\">\n\t\t\t<div class=\"elementor-widget-wrap elementor-element-populated\">\n\t\t\t\t\t\t<div class=\"elementor-element elementor-element-fcf8e09 elementor-widget elementor-widget-text-editor\" data-id=\"fcf8e09\" data-element_type=\"widget\" data-e-type=\"widget\" data-widget_type=\"text-editor.default\">\n\t\t\t\t<div class=\"elementor-widget-container\">\n\t\t\t\t\t\t\t\t\t<p><nav aria-label=\"breadcrumbs\" class=\"rank-math-breadcrumb\"><p><span class=\"last\">Page d'accueil<\/span><\/p><\/nav><\/p>\t\t\t\t\t\t\t\t<\/div>\n\t\t\t\t<\/div>\n\t\t\t\t\t<\/div>\n\t\t<\/div>\n\t\t\t\t\t<\/div>\n\t\t<\/section>\n\t\t<div class=\"elementor-element elementor-element-6bd6306 e-flex e-con-boxed e-con e-parent\" data-id=\"6bd6306\" data-element_type=\"container\" data-e-type=\"container\">\n\t\t\t\t\t<div class=\"e-con-inner\">\n\t\t<div class=\"elementor-element elementor-element-6b82c4c e-flex e-con-boxed e-con e-child\" data-id=\"6b82c4c\" data-element_type=\"container\" data-e-type=\"container\" data-settings=\"{&quot;background_background&quot;:&quot;classic&quot;}\">\n\t\t\t\t\t<div class=\"e-con-inner\">\n\t\t\t\t<div class=\"elementor-element elementor-element-55e639d elementor-widget elementor-widget-spacer\" data-id=\"55e639d\" data-element_type=\"widget\" data-e-type=\"widget\" data-widget_type=\"spacer.default\">\n\t\t\t\t<div class=\"elementor-widget-container\">\n\t\t\t\t\t\t\t<div class=\"elementor-spacer\">\n\t\t\t<div class=\"elementor-spacer-inner\"><\/div>\n\t\t<\/div>\n\t\t\t\t\t\t<\/div>\n\t\t\t\t<\/div>\n\t\t\t\t<div class=\"elementor-element elementor-element-9ba2bd2 elementor-widget elementor-widget-heading\" data-id=\"9ba2bd2\" data-element_type=\"widget\" data-e-type=\"widget\" data-widget_type=\"heading.default\">\n\t\t\t\t<div class=\"elementor-widget-container\">\n\t\t\t\t\t<h1 class=\"elementor-heading-title elementor-size-default\">2. DER BUSINESS Travel Club : \u00e9v\u00e9nement interactif pour les professionnels du voyage d'affaires<\/h1>\t\t\t\t<\/div>\n\t\t\t\t<\/div>\n\t\t\t\t<div class=\"elementor-element elementor-element-98f36a3 elementor-widget elementor-widget-post-info\" data-id=\"98f36a3\" data-element_type=\"widget\" data-e-type=\"widget\" data-widget_type=\"post-info.default\">\n\t\t\t\t<div class=\"elementor-widget-container\">\n\t\t\t\t\t\t\t<ul class=\"elementor-inline-items elementor-icon-list-items elementor-post-info\">\n\t\t\t\t\t\t\t\t<li class=\"elementor-icon-list-item elementor-repeater-item-f97af2f elementor-inline-item\" itemprop=\"datePublished\">\n\t\t\t\t\t\t<a href=\"https:\/\/derbusiness.com\/fr\/2024\/11\/12\/\">\n\t\t\t\t\t\t\t\t\t\t\t<span class=\"elementor-icon-list-icon\">\n\t\t\t\t\t\t\t\t<i aria-hidden=\"true\" class=\"fas fa-calendar\"><\/i>\t\t\t\t\t\t\t<\/span>\n\t\t\t\t\t\t\t\t\t<span class=\"elementor-icon-list-text elementor-post-info__item elementor-post-info__item--type-date\">\n\t\t\t\t\t\t\t\t\t\t<time>12 novembre 2024<\/time>\t\t\t\t\t<\/span>\n\t\t\t\t\t\t\t\t\t<\/a>\n\t\t\t\t<\/li>\n\t\t\t\t<\/ul>\n\t\t\t\t\t\t<\/div>\n\t\t\t\t<\/div>\n\t\t\t\t<div class=\"elementor-element elementor-element-3dc9fc1 elementor-widget elementor-widget-text-editor\" data-id=\"3dc9fc1\" data-element_type=\"widget\" data-e-type=\"widget\" data-widget_type=\"text-editor.default\">\n\t\t\t\t<div class=\"elementor-widget-container\">\n\t\t\t\t\t\t\t\t\t<p>Plus de 50 professionnels du voyage d'affaires ont r\u00e9pondu \u00e0 l'invitation de DER BUSINESS Travel la semaine derni\u00e8re pour un networking \u00e0 Francfort. Les 7 et 8 novembre, \u00e0 l'h\u00f4tel Hilton Garden Inn Frankfurt City Center, tout tournait autour des th\u00e8mes actuels du business travel. L'\u00e9change direct avec les conf\u00e9renciers \u00e9tait au premier plan, l'interaction \u00e9tait express\u00e9ment souhait\u00e9e lors des pr\u00e9sentations.<\/p><p>\"Lors de cet \u00e9v\u00e9nement, nous mettons d\u00e9lib\u00e9r\u00e9ment l'accent sur l'\u00e9change direct et imm\u00e9diat avec nos prestataires - aupr\u00e8s desquels nos professionnels du voyage d'affaires obtiennent des informations de premi\u00e8re main\", explique l'h\u00f4tesse Katja Vortmann, vice-pr\u00e9sidente de DER BUSINESS Travel.<\/p><p>Ainsi, tout tournait autour de la mani\u00e8re de cr\u00e9er les meilleures conditions de r\u00e9servation et de voyage possibles pour les clients dans le cadre de leurs voyages d'affaires - et de la mani\u00e8re de les proposer encore mieux et plus efficacement en travaillant ensemble. Ce n'est pas la seule raison pour laquelle les partenaires commerciaux \"mobiles\" ont \u00e9t\u00e9 rejoints cette fois par des fournisseurs techniques s\u00e9lectionn\u00e9s. Des interlocuteurs du secteur a\u00e9rien \u00e9taient \u00e0 nouveau pr\u00e9sents, en premier lieu le groupe Lufthansa, mais aussi Air France\/KLM, British Airways\/lberia, Emirates, Eurowings et Luxair ainsi que Qatar Airways, Singapore Airlines et TAP Portugal. Les partenaires de location de voitures \u00e9taient cette fois-ci plus diversifi\u00e9s avec Avis, Enterprise et Europcar. Avec Atlatos et MIDOCO, DER BT a en outre pu s'assurer le concours de deux partenaires techniques de longue date en tant que conf\u00e9renciers.<\/p><p>Pendant les expos\u00e9s introductifs, les experts du voyage qui avaient fait le d\u00e9placement ont toujours eu la possibilit\u00e9 de poser des questions ou d'exprimer des suggestions depuis la salle pl\u00e9ni\u00e8re. \"Ainsi<br \/>Les prestataires de services ont pu se faire une id\u00e9e pr\u00e9cise de ce qui fonctionne bien ou de ce qui ne fonctionne pas\", explique Katja Vortmann. \"Et d'autre part, notre service des achats peut d\u00e9sormais mieux \u00e9valuer quels services, incentives &amp; Co. apportent une r\u00e9elle valeur ajout\u00e9e \u00e0 nos agences de voyages d'affaires ou o\u00f9 nous devrions mener des discussions plus approfondies\".<\/p><p>Les tirages au sort quotidiens, pour lesquels les conf\u00e9renciers du jour avaient offert des prix attrayants, ont permis de d\u00e9tendre l'atmosph\u00e8re apr\u00e8s tant d'informations sur les produits et d'apports commerciaux. La promenade en ville jusqu'au lieu de la soir\u00e9e, pour laquelle la Frankfurter Tourismus+Congress GmbH avait mis \u00e0 disposition deux guides comp\u00e9tents, a \u00e9galement \u00e9t\u00e9 tr\u00e8s appr\u00e9ci\u00e9e. Le d\u00eener commun de tous les participants et intervenants \u00e0 la Casa de Rose, pr\u00e8s de l'ancien op\u00e9ra, a cl\u00f4tur\u00e9 l'\u00e9v\u00e9nement de r\u00e9seautage.<\/p><div class=\"mb30\">\u00a0<\/div><div id=\"pressprint\" class=\"print iblock w100pro\">\u00a0<\/div>\t\t\t\t\t\t\t\t<\/div>\n\t\t\t\t<\/div>\n\t\t\t\t<div class=\"elementor-element elementor-element-7621ee9 elementor-widget elementor-widget-text-editor\" data-id=\"7621ee9\" data-element_type=\"widget\" data-e-type=\"widget\" data-widget_type=\"text-editor.default\">\n\t\t\t\t<div class=\"elementor-widget-container\">\n\t\t\t\t\t\t\t\t\t<p><img decoding=\"async\" class=\"alignleft wp-image-16975\" src=\"https:\/\/derbusiness.com\/wp-content\/uploads\/2024\/09\/datei-300x300.png\" alt=\"\" width=\"24\" height=\"24\" srcset=\"https:\/\/derbusiness.com\/wp-content\/uploads\/2024\/09\/datei-300x300.png 300w, https:\/\/derbusiness.com\/wp-content\/uploads\/2024\/09\/datei-150x150.png 150w, https:\/\/derbusiness.com\/wp-content\/uploads\/2024\/09\/datei.png 512w\" sizes=\"(max-width: 24px) 100vw, 24px\" \/><a href=\"https:\/\/derbusiness.com\/wp-content\/uploads\/2024\/11\/241111_DER_Business_Travel_PM_Club_Recap.pdf\">Communiqu\u00e9 de presse \"2e DER BUSINESS Travel Club\"<\/a><\/p>\t\t\t\t\t\t\t\t<\/div>\n\t\t\t\t<\/div>\n\t\t\t\t<div class=\"elementor-element elementor-element-9df611f elementor-widget elementor-widget-spacer\" data-id=\"9df611f\" data-element_type=\"widget\" data-e-type=\"widget\" data-widget_type=\"spacer.default\">\n\t\t\t\t<div class=\"elementor-widget-container\">\n\t\t\t\t\t\t\t<div class=\"elementor-spacer\">\n\t\t\t<div class=\"elementor-spacer-inner\"><\/div>\n\t\t<\/div>\n\t\t\t\t\t\t<\/div>\n\t\t\t\t<\/div>\n\t\t<div class=\"elementor-element elementor-element-17c2794 e-flex e-con-boxed e-con e-child\" data-id=\"17c2794\" data-element_type=\"container\" data-e-type=\"container\" data-settings=\"{&quot;background_background&quot;:&quot;classic&quot;}\">\n\t\t\t\t\t<div class=\"e-con-inner\">\n\t\t\t\t<div class=\"elementor-element elementor-element-cd510ee elementor-widget elementor-widget-heading\" data-id=\"cd510ee\" data-element_type=\"widget\" data-e-type=\"widget\" data-widget_type=\"heading.default\">\n\t\t\t\t<div class=\"elementor-widget-container\">\n\t\t\t\t\t<h2 class=\"elementor-heading-title elementor-size-default\">Contact presse<\/h2>\t\t\t\t<\/div>\n\t\t\t\t<\/div>\n\t\t<div class=\"elementor-element elementor-element-a7ea5e0 e-flex e-con-boxed e-con e-child\" data-id=\"a7ea5e0\" data-element_type=\"container\" data-e-type=\"container\">\n\t\t\t\t\t<div class=\"e-con-inner\">\n\t\t\t\t<div class=\"elementor-element elementor-element-279e44a elementor-widget elementor-widget-text-editor\" data-id=\"279e44a\" data-element_type=\"widget\" data-e-type=\"widget\" data-widget_type=\"text-editor.default\">\n\t\t\t\t<div class=\"elementor-widget-container\">\n\t\t\t\t\t\t\t\t\t<p>Vous avez des questions sur l'un de nos communiqu\u00e9s de presse ou une demande g\u00e9n\u00e9rale concernant la presse ? Dans ce cas, veuillez vous adresser directement \u00e0 :<\/p><p>Ulrike Hahn<br \/>Global Communication Experts GmbH<br \/>Presse et relations publiques DERPART<\/p><p>Hanauer Landstr. 184<br \/>60314 Francfort<br \/>t : +49 69 17 53 71-064<br \/>f : +49 69 17 53 71-035<br \/>presse.derpart@gce-agency.com<\/p>\t\t\t\t\t\t\t\t<\/div>\n\t\t\t\t<\/div>\n\t\t\t\t\t<\/div>\n\t\t\t\t<\/div>\n\t\t\t\t\t<\/div>\n\t\t\t\t<\/div>\n\t\t\t\t<div class=\"elementor-element elementor-element-db941d2 elementor-widget elementor-widget-spacer\" data-id=\"db941d2\" data-element_type=\"widget\" data-e-type=\"widget\" data-widget_type=\"spacer.default\">\n\t\t\t\t<div class=\"elementor-widget-container\">\n\t\t\t\t\t\t\t<div class=\"elementor-spacer\">\n\t\t\t<div class=\"elementor-spacer-inner\"><\/div>\n\t\t<\/div>\n\t\t\t\t\t\t<\/div>\n\t\t\t\t<\/div>\n\t\t\t\t\t<\/div>\n\t\t\t\t<\/div>\n\t\t\t\t\t<\/div>\n\t\t\t\t<\/div>\n\t\t<div class=\"elementor-element elementor-element-90fc282 e-flex e-con-boxed e-con e-parent\" data-id=\"90fc282\" data-element_type=\"container\" data-e-type=\"container\">\n\t\t\t\t\t<div class=\"e-con-inner\">\n\t\t\t\t<div class=\"elementor-element elementor-element-6eab159 elementor-widget elementor-widget-spacer\" data-id=\"6eab159\" data-element_type=\"widget\" data-e-type=\"widget\" data-widget_type=\"spacer.default\">\n\t\t\t\t<div class=\"elementor-widget-container\">\n\t\t\t\t\t\t\t<div class=\"elementor-spacer\">\n\t\t\t<div class=\"elementor-spacer-inner\"><\/div>\n\t\t<\/div>\n\t\t\t\t\t\t<\/div>\n\t\t\t\t<\/div>\n\t\t\t\t\t<\/div>\n\t\t\t\t<\/div>\n\t\t\t\t<\/div>","protected":false},"excerpt":{"rendered":"<p>\u00dcber 50 Gesch\u00e4ftsreiseprofis waren der Einladung von DER BUSINESS Travel vergangene Woche zum Networking nach Frankfurt gefolgt. Im Hotel Hilton Garden Inn Frankfurt City Center drehte sich am 7. und 8. November alles um aktuelle Business-Travel-Themen. Dabei stand der direkte Austausch mit den Referenten im Vordergrund, Interaktion war bei den Pr\u00e4sentationen ausdr\u00fccklich erw\u00fcnscht. \u201eWir legen [&hellip;]<\/p>\n","protected":false},"author":10,"featured_media":0,"comment_status":"closed","ping_status":"closed","sticky":false,"template":"elementor_header_footer","format":"standard","meta":{"footnotes":""},"categories":[21],"tags":[],"class_list":["post-18064","post","type-post","status-publish","format-standard","hentry","category-presse"],"_links":{"self":[{"href":"https:\/\/derbusiness.com\/fr\/wp-json\/wp\/v2\/posts\/18064","targetHints":{"allow":["GET"]}}],"collection":[{"href":"https:\/\/derbusiness.com\/fr\/wp-json\/wp\/v2\/posts"}],"about":[{"href":"https:\/\/derbusiness.com\/fr\/wp-json\/wp\/v2\/types\/post"}],"author":[{"embeddable":true,"href":"https:\/\/derbusiness.com\/fr\/wp-json\/wp\/v2\/users\/10"}],"replies":[{"embeddable":true,"href":"https:\/\/derbusiness.com\/fr\/wp-json\/wp\/v2\/comments?post=18064"}],"version-history":[{"count":10,"href":"https:\/\/derbusiness.com\/fr\/wp-json\/wp\/v2\/posts\/18064\/revisions"}],"predecessor-version":[{"id":23081,"href":"https:\/\/derbusiness.com\/fr\/wp-json\/wp\/v2\/posts\/18064\/revisions\/23081"}],"wp:attachment":[{"href":"https:\/\/derbusiness.com\/fr\/wp-json\/wp\/v2\/media?parent=18064"}],"wp:term":[{"taxonomy":"category","embeddable":true,"href":"https:\/\/derbusiness.com\/fr\/wp-json\/wp\/v2\/categories?post=18064"},{"taxonomy":"post_tag","embeddable":true,"href":"https:\/\/derbusiness.com\/fr\/wp-json\/wp\/v2\/tags?post=18064"}],"curies":[{"name":"wp","href":"https:\/\/api.w.org\/{rel}","templated":true}]}}