{"id":17012,"date":"2024-05-08T09:59:23","date_gmt":"2024-05-08T09:59:23","guid":{"rendered":"https:\/\/derbusiness.com\/?p=17012"},"modified":"2026-03-31T13:39:51","modified_gmt":"2026-03-31T13:39:51","slug":"derbt-veranstaltet-tagung","status":"publish","type":"post","link":"https:\/\/derbusiness.com\/fr\/2024\/05\/08\/derbt-veranstaltet-tagung\/","title":{"rendered":"DER BUSINESS Travel organise un congr\u00e8s"},"content":{"rendered":"<div data-elementor-type=\"wp-post\" data-elementor-id=\"17012\" class=\"elementor elementor-17012\" data-elementor-post-type=\"post\">\n\t\t\t\t\t\t<section class=\"elementor-section elementor-top-section elementor-element elementor-element-c29f91d elementor-hidden-desktop elementor-hidden-tablet elementor-hidden-mobile elementor-section-boxed elementor-section-height-default elementor-section-height-default\" data-id=\"c29f91d\" data-element_type=\"section\" data-e-type=\"section\" data-settings=\"{&quot;background_background&quot;:&quot;classic&quot;}\">\n\t\t\t\t\t\t\t<div class=\"elementor-background-overlay\"><\/div>\n\t\t\t\t\t\t\t<div class=\"elementor-container elementor-column-gap-default\">\n\t\t\t\t\t<div class=\"elementor-column elementor-col-100 elementor-top-column elementor-element elementor-element-a11edd5\" data-id=\"a11edd5\" data-element_type=\"column\" data-e-type=\"column\">\n\t\t\t<div class=\"elementor-widget-wrap elementor-element-populated\">\n\t\t\t\t<div class=\"elementor-element elementor-element-e4d9330 e-con-full e-flex e-con e-child\" data-id=\"e4d9330\" data-element_type=\"container\" data-e-type=\"container\">\n\t\t\t\t<div class=\"elementor-element elementor-element-8a799b9 elementor-widget elementor-widget-spacer\" data-id=\"8a799b9\" data-element_type=\"widget\" data-e-type=\"widget\" data-widget_type=\"spacer.default\">\n\t\t\t\t<div class=\"elementor-widget-container\">\n\t\t\t\t\t\t\t<div class=\"elementor-spacer\">\n\t\t\t<div class=\"elementor-spacer-inner\"><\/div>\n\t\t<\/div>\n\t\t\t\t\t\t<\/div>\n\t\t\t\t<\/div>\n\t\t\t\t<div class=\"elementor-element elementor-element-5610da4 elementor-widget elementor-widget-spacer\" data-id=\"5610da4\" data-element_type=\"widget\" data-e-type=\"widget\" data-widget_type=\"spacer.default\">\n\t\t\t\t<div class=\"elementor-widget-container\">\n\t\t\t\t\t\t\t<div class=\"elementor-spacer\">\n\t\t\t<div class=\"elementor-spacer-inner\"><\/div>\n\t\t<\/div>\n\t\t\t\t\t\t<\/div>\n\t\t\t\t<\/div>\n\t\t\t\t<\/div>\n\t\t\t\t\t<\/div>\n\t\t<\/div>\n\t\t\t\t\t<\/div>\n\t\t<\/section>\n\t\t\t\t<section class=\"elementor-section elementor-top-section elementor-element elementor-element-11ff021 elementor-section-boxed elementor-section-height-default elementor-section-height-default\" data-id=\"11ff021\" data-element_type=\"section\" data-e-type=\"section\">\n\t\t\t\t\t\t<div class=\"elementor-container elementor-column-gap-default\">\n\t\t\t\t\t<div class=\"elementor-column elementor-col-100 elementor-top-column elementor-element elementor-element-a2345df\" data-id=\"a2345df\" data-element_type=\"column\" data-e-type=\"column\">\n\t\t\t<div class=\"elementor-widget-wrap elementor-element-populated\">\n\t\t\t\t\t\t<div class=\"elementor-element elementor-element-fcf8e09 elementor-widget elementor-widget-text-editor\" data-id=\"fcf8e09\" data-element_type=\"widget\" data-e-type=\"widget\" data-widget_type=\"text-editor.default\">\n\t\t\t\t<div class=\"elementor-widget-container\">\n\t\t\t\t\t\t\t\t\t<p><nav aria-label=\"breadcrumbs\" class=\"rank-math-breadcrumb\"><p><span class=\"last\">Page d'accueil<\/span><\/p><\/nav><\/p>\t\t\t\t\t\t\t\t<\/div>\n\t\t\t\t<\/div>\n\t\t\t\t\t<\/div>\n\t\t<\/div>\n\t\t\t\t\t<\/div>\n\t\t<\/section>\n\t\t<div class=\"elementor-element elementor-element-6bd6306 e-flex e-con-boxed e-con e-parent\" data-id=\"6bd6306\" data-element_type=\"container\" data-e-type=\"container\">\n\t\t\t\t\t<div class=\"e-con-inner\">\n\t\t<div class=\"elementor-element elementor-element-6b82c4c e-flex e-con-boxed e-con e-child\" data-id=\"6b82c4c\" data-element_type=\"container\" data-e-type=\"container\" data-settings=\"{&quot;background_background&quot;:&quot;classic&quot;}\">\n\t\t\t\t\t<div class=\"e-con-inner\">\n\t\t\t\t<div class=\"elementor-element elementor-element-55e639d elementor-widget elementor-widget-spacer\" data-id=\"55e639d\" data-element_type=\"widget\" data-e-type=\"widget\" data-widget_type=\"spacer.default\">\n\t\t\t\t<div class=\"elementor-widget-container\">\n\t\t\t\t\t\t\t<div class=\"elementor-spacer\">\n\t\t\t<div class=\"elementor-spacer-inner\"><\/div>\n\t\t<\/div>\n\t\t\t\t\t\t<\/div>\n\t\t\t\t<\/div>\n\t\t\t\t<div class=\"elementor-element elementor-element-9ba2bd2 elementor-widget elementor-widget-heading\" data-id=\"9ba2bd2\" data-element_type=\"widget\" data-e-type=\"widget\" data-widget_type=\"heading.default\">\n\t\t\t\t<div class=\"elementor-widget-container\">\n\t\t\t\t\t<h1 class=\"elementor-heading-title elementor-size-default\">DER BUSINESS Travel organise un congr\u00e8s<\/h1>\t\t\t\t<\/div>\n\t\t\t\t<\/div>\n\t\t\t\t<div class=\"elementor-element elementor-element-3d65ad6 elementor-widget elementor-widget-heading\" data-id=\"3d65ad6\" data-element_type=\"widget\" data-e-type=\"widget\" data-widget_type=\"heading.default\">\n\t\t\t\t<div class=\"elementor-widget-container\">\n\t\t\t\t\t<h3 class=\"elementor-heading-title elementor-size-default\">Les experts du voyage d'affaires se r\u00e9unissent \u00e0 Francfort du 6 au 8 juin 2024<\/h3>\t\t\t\t<\/div>\n\t\t\t\t<\/div>\n\t\t\t\t<div class=\"elementor-element elementor-element-98f36a3 elementor-widget elementor-widget-post-info\" data-id=\"98f36a3\" data-element_type=\"widget\" data-e-type=\"widget\" data-widget_type=\"post-info.default\">\n\t\t\t\t<div class=\"elementor-widget-container\">\n\t\t\t\t\t\t\t<ul class=\"elementor-inline-items elementor-icon-list-items elementor-post-info\">\n\t\t\t\t\t\t\t\t<li class=\"elementor-icon-list-item elementor-repeater-item-f97af2f elementor-inline-item\" itemprop=\"datePublished\">\n\t\t\t\t\t\t<a href=\"https:\/\/derbusiness.com\/fr\/2024\/05\/08\/\">\n\t\t\t\t\t\t\t\t\t\t\t<span class=\"elementor-icon-list-icon\">\n\t\t\t\t\t\t\t\t<i aria-hidden=\"true\" class=\"fas fa-calendar\"><\/i>\t\t\t\t\t\t\t<\/span>\n\t\t\t\t\t\t\t\t\t<span class=\"elementor-icon-list-text elementor-post-info__item elementor-post-info__item--type-date\">\n\t\t\t\t\t\t\t\t\t\t<time>8 mai 2024<\/time>\t\t\t\t\t<\/span>\n\t\t\t\t\t\t\t\t\t<\/a>\n\t\t\t\t<\/li>\n\t\t\t\t<\/ul>\n\t\t\t\t\t\t<\/div>\n\t\t\t\t<\/div>\n\t\t\t\t<div class=\"elementor-element elementor-element-3dc9fc1 elementor-widget elementor-widget-text-editor\" data-id=\"3dc9fc1\" data-element_type=\"widget\" data-e-type=\"widget\" data-widget_type=\"text-editor.default\">\n\t\t\t\t<div class=\"elementor-widget-container\">\n\t\t\t\t\t\t\t\t\t<p>Apr\u00e8s un lancement r\u00e9ussi en 2023, les sp\u00e9cialistes du voyage d'affaires DER BUSINESS Travel des agences franchis\u00e9es et succursales se rencontrent cette ann\u00e9e encore pour un \u00e9change commun. Le congr\u00e8s DER BUSINESS Travel aura lieu du 6 au 8 juin \u00e0 l'h\u00f4tel nhow \u00e0 Francfort.<\/p><p>Durant ces trois jours, l'accent sera mis sur les th\u00e8mes strat\u00e9giques du voyage d'affaires ainsi que sur les derniers d\u00e9veloppements de produits, technologies et prestations du portefeuille de DER BT et du secteur du voyage d'affaires. Outre les experts de la centrale DER BUSINESS Travel, des intervenants externes tels que Jens Schlie\u00dfmann du VDR, Silke Seiters d'Amadeus ou Tobias Schimmenti de ta.ts prendront la parole. Katja Vortmann, vice-pr\u00e9sidente de DER BUSINESS Travel, d\u00e9clare : \"L'\u00e9change direct et la coop\u00e9ration avec nos partenaires du service aux entreprises sont extr\u00eamement importants pour nous. C'est pourquoi je me r\u00e9jouis beaucoup de notre congr\u00e8s commun\".<\/p><p>Alors que la journ\u00e9e est consacr\u00e9e au travail concentr\u00e9, les soir\u00e9es sont plac\u00e9es sous le signe de la convivialit\u00e9 et du r\u00e9seautage personnel.<\/p>\t\t\t\t\t\t\t\t<\/div>\n\t\t\t\t<\/div>\n\t\t\t\t<div class=\"elementor-element elementor-element-7621ee9 elementor-widget elementor-widget-text-editor\" data-id=\"7621ee9\" data-element_type=\"widget\" data-e-type=\"widget\" data-widget_type=\"text-editor.default\">\n\t\t\t\t<div class=\"elementor-widget-container\">\n\t\t\t\t\t\t\t\t\t<p><img decoding=\"async\" class=\"alignleft wp-image-16975\" src=\"https:\/\/derbusiness.com\/wp-content\/uploads\/2024\/09\/datei-300x300.png\" alt=\"\" width=\"24\" height=\"24\" srcset=\"https:\/\/derbusiness.com\/wp-content\/uploads\/2024\/09\/datei-300x300.png 300w, https:\/\/derbusiness.com\/wp-content\/uploads\/2024\/09\/datei-150x150.png 150w, https:\/\/derbusiness.com\/wp-content\/uploads\/2024\/09\/datei.png 512w\" sizes=\"(max-width: 24px) 100vw, 24px\" \/> <a href=\"https:\/\/derbusiness.com\/wp-content\/uploads\/2024\/09\/240508_DER_Business_Travel_PM_Tagung.pdf\">Communiqu\u00e9 de presse \"DER BUSINESS Travel organise un congr\u00e8s\" <\/a><a href=\"https:\/\/derbusiness.com\/wp-content\/uploads\/2024\/08\/240819_DER-Business-Travel_PM_Club.pdf\"><br \/><\/a><\/p>\t\t\t\t\t\t\t\t<\/div>\n\t\t\t\t<\/div>\n\t\t\t\t<div class=\"elementor-element elementor-element-9df611f elementor-widget elementor-widget-spacer\" data-id=\"9df611f\" data-element_type=\"widget\" data-e-type=\"widget\" data-widget_type=\"spacer.default\">\n\t\t\t\t<div class=\"elementor-widget-container\">\n\t\t\t\t\t\t\t<div class=\"elementor-spacer\">\n\t\t\t<div class=\"elementor-spacer-inner\"><\/div>\n\t\t<\/div>\n\t\t\t\t\t\t<\/div>\n\t\t\t\t<\/div>\n\t\t<div class=\"elementor-element elementor-element-17c2794 e-flex e-con-boxed e-con e-child\" data-id=\"17c2794\" data-element_type=\"container\" data-e-type=\"container\" data-settings=\"{&quot;background_background&quot;:&quot;classic&quot;}\">\n\t\t\t\t\t<div class=\"e-con-inner\">\n\t\t\t\t<div class=\"elementor-element elementor-element-cd510ee elementor-widget elementor-widget-heading\" data-id=\"cd510ee\" data-element_type=\"widget\" data-e-type=\"widget\" data-widget_type=\"heading.default\">\n\t\t\t\t<div class=\"elementor-widget-container\">\n\t\t\t\t\t<h2 class=\"elementor-heading-title elementor-size-default\">Contact presse<\/h2>\t\t\t\t<\/div>\n\t\t\t\t<\/div>\n\t\t<div class=\"elementor-element elementor-element-a7ea5e0 e-flex e-con-boxed e-con e-child\" data-id=\"a7ea5e0\" data-element_type=\"container\" data-e-type=\"container\">\n\t\t\t\t\t<div class=\"e-con-inner\">\n\t\t\t\t<div class=\"elementor-element elementor-element-279e44a elementor-widget elementor-widget-text-editor\" data-id=\"279e44a\" data-element_type=\"widget\" data-e-type=\"widget\" data-widget_type=\"text-editor.default\">\n\t\t\t\t<div class=\"elementor-widget-container\">\n\t\t\t\t\t\t\t\t\t<p>Vous avez des questions sur l'un de nos communiqu\u00e9s de presse ou une demande g\u00e9n\u00e9rale concernant la presse ? Dans ce cas, veuillez vous adresser directement \u00e0 :<\/p><p>Ulrike Hahn<br \/>Global Communication Experts GmbH<br \/>Presse et relations publiques DERPART<\/p><p>Hanauer Landstr. 184<br \/>60314 Francfort<br \/>t : +49 69 17 53 71-064<br \/>f : +49 69 17 53 71-035<br \/>presse.derpart@gce-agency.com<\/p>\t\t\t\t\t\t\t\t<\/div>\n\t\t\t\t<\/div>\n\t\t\t\t\t<\/div>\n\t\t\t\t<\/div>\n\t\t\t\t\t<\/div>\n\t\t\t\t<\/div>\n\t\t\t\t<div class=\"elementor-element elementor-element-db941d2 elementor-widget elementor-widget-spacer\" data-id=\"db941d2\" data-element_type=\"widget\" data-e-type=\"widget\" data-widget_type=\"spacer.default\">\n\t\t\t\t<div class=\"elementor-widget-container\">\n\t\t\t\t\t\t\t<div class=\"elementor-spacer\">\n\t\t\t<div class=\"elementor-spacer-inner\"><\/div>\n\t\t<\/div>\n\t\t\t\t\t\t<\/div>\n\t\t\t\t<\/div>\n\t\t\t\t\t<\/div>\n\t\t\t\t<\/div>\n\t\t\t\t\t<\/div>\n\t\t\t\t<\/div>\n\t\t<div class=\"elementor-element elementor-element-90fc282 e-flex e-con-boxed e-con e-parent\" data-id=\"90fc282\" data-element_type=\"container\" data-e-type=\"container\">\n\t\t\t\t\t<div class=\"e-con-inner\">\n\t\t\t\t<div class=\"elementor-element elementor-element-6eab159 elementor-widget elementor-widget-spacer\" data-id=\"6eab159\" data-element_type=\"widget\" data-e-type=\"widget\" data-widget_type=\"spacer.default\">\n\t\t\t\t<div class=\"elementor-widget-container\">\n\t\t\t\t\t\t\t<div class=\"elementor-spacer\">\n\t\t\t<div class=\"elementor-spacer-inner\"><\/div>\n\t\t<\/div>\n\t\t\t\t\t\t<\/div>\n\t\t\t\t<\/div>\n\t\t\t\t\t<\/div>\n\t\t\t\t<\/div>\n\t\t\t\t<\/div>","protected":false},"excerpt":{"rendered":"<p>Gesch\u00e4ftsreise-Experten treffen sich vom 6. bis 8. Juni 2024 in Frankfurt Nach erfolgreichem Auftakt in 2023 treffen sich die DER BUSINESS Travel Gesch\u00e4ftsreisespezialisten aus Franchise- und Filialb\u00fcros auch in diesem Jahr zum gemeinsamen Austausch. Vom 6. bis 8. Juni findet die DER BUSINESS Travel Tagung im Hotel nhow in Frankfurt statt. An den drei Tagen [&hellip;]<\/p>\n","protected":false},"author":10,"featured_media":0,"comment_status":"closed","ping_status":"closed","sticky":false,"template":"elementor_header_footer","format":"standard","meta":{"footnotes":""},"categories":[21],"tags":[],"class_list":["post-17012","post","type-post","status-publish","format-standard","hentry","category-presse"],"_links":{"self":[{"href":"https:\/\/derbusiness.com\/fr\/wp-json\/wp\/v2\/posts\/17012","targetHints":{"allow":["GET"]}}],"collection":[{"href":"https:\/\/derbusiness.com\/fr\/wp-json\/wp\/v2\/posts"}],"about":[{"href":"https:\/\/derbusiness.com\/fr\/wp-json\/wp\/v2\/types\/post"}],"author":[{"embeddable":true,"href":"https:\/\/derbusiness.com\/fr\/wp-json\/wp\/v2\/users\/10"}],"replies":[{"embeddable":true,"href":"https:\/\/derbusiness.com\/fr\/wp-json\/wp\/v2\/comments?post=17012"}],"version-history":[{"count":10,"href":"https:\/\/derbusiness.com\/fr\/wp-json\/wp\/v2\/posts\/17012\/revisions"}],"predecessor-version":[{"id":23131,"href":"https:\/\/derbusiness.com\/fr\/wp-json\/wp\/v2\/posts\/17012\/revisions\/23131"}],"wp:attachment":[{"href":"https:\/\/derbusiness.com\/fr\/wp-json\/wp\/v2\/media?parent=17012"}],"wp:term":[{"taxonomy":"category","embeddable":true,"href":"https:\/\/derbusiness.com\/fr\/wp-json\/wp\/v2\/categories?post=17012"},{"taxonomy":"post_tag","embeddable":true,"href":"https:\/\/derbusiness.com\/fr\/wp-json\/wp\/v2\/tags?post=17012"}],"curies":[{"name":"wp","href":"https:\/\/api.w.org\/{rel}","templated":true}]}}