{"id":17002,"date":"2024-08-15T09:41:09","date_gmt":"2024-08-15T09:41:09","guid":{"rendered":"https:\/\/derbusiness.com\/?p=17002"},"modified":"2026-03-31T13:39:35","modified_gmt":"2026-03-31T13:39:35","slug":"derbt-top-geschaeftsreiseanbieter","status":"publish","type":"post","link":"https:\/\/derbusiness.com\/fr\/2024\/08\/15\/derbt-top-geschaeftsreiseanbieter\/","title":{"rendered":"DER BUSINESS Travel TOP prestataire de voyages d'affaires en Allemagne"},"content":{"rendered":"<div data-elementor-type=\"wp-post\" data-elementor-id=\"17002\" class=\"elementor elementor-17002\" data-elementor-post-type=\"post\">\n\t\t\t\t\t\t<section class=\"elementor-section elementor-top-section elementor-element elementor-element-c29f91d elementor-hidden-desktop elementor-hidden-tablet elementor-hidden-mobile elementor-section-boxed elementor-section-height-default elementor-section-height-default\" data-id=\"c29f91d\" data-element_type=\"section\" data-e-type=\"section\" data-settings=\"{&quot;background_background&quot;:&quot;classic&quot;}\">\n\t\t\t\t\t\t\t<div class=\"elementor-background-overlay\"><\/div>\n\t\t\t\t\t\t\t<div class=\"elementor-container elementor-column-gap-default\">\n\t\t\t\t\t<div class=\"elementor-column elementor-col-100 elementor-top-column elementor-element elementor-element-a11edd5\" data-id=\"a11edd5\" data-element_type=\"column\" data-e-type=\"column\">\n\t\t\t<div class=\"elementor-widget-wrap elementor-element-populated\">\n\t\t\t\t<div class=\"elementor-element elementor-element-e4d9330 e-con-full e-flex e-con e-child\" data-id=\"e4d9330\" data-element_type=\"container\" data-e-type=\"container\">\n\t\t\t\t<div class=\"elementor-element elementor-element-8a799b9 elementor-widget elementor-widget-spacer\" data-id=\"8a799b9\" data-element_type=\"widget\" data-e-type=\"widget\" data-widget_type=\"spacer.default\">\n\t\t\t\t<div class=\"elementor-widget-container\">\n\t\t\t\t\t\t\t<div class=\"elementor-spacer\">\n\t\t\t<div class=\"elementor-spacer-inner\"><\/div>\n\t\t<\/div>\n\t\t\t\t\t\t<\/div>\n\t\t\t\t<\/div>\n\t\t\t\t<div class=\"elementor-element elementor-element-5610da4 elementor-widget elementor-widget-spacer\" data-id=\"5610da4\" data-element_type=\"widget\" data-e-type=\"widget\" data-widget_type=\"spacer.default\">\n\t\t\t\t<div class=\"elementor-widget-container\">\n\t\t\t\t\t\t\t<div class=\"elementor-spacer\">\n\t\t\t<div class=\"elementor-spacer-inner\"><\/div>\n\t\t<\/div>\n\t\t\t\t\t\t<\/div>\n\t\t\t\t<\/div>\n\t\t\t\t<\/div>\n\t\t\t\t\t<\/div>\n\t\t<\/div>\n\t\t\t\t\t<\/div>\n\t\t<\/section>\n\t\t\t\t<section class=\"elementor-section elementor-top-section elementor-element elementor-element-11ff021 elementor-section-boxed elementor-section-height-default elementor-section-height-default\" data-id=\"11ff021\" data-element_type=\"section\" data-e-type=\"section\">\n\t\t\t\t\t\t<div class=\"elementor-container elementor-column-gap-default\">\n\t\t\t\t\t<div class=\"elementor-column elementor-col-100 elementor-top-column elementor-element elementor-element-a2345df\" data-id=\"a2345df\" data-element_type=\"column\" data-e-type=\"column\">\n\t\t\t<div class=\"elementor-widget-wrap elementor-element-populated\">\n\t\t\t\t\t\t<div class=\"elementor-element elementor-element-fcf8e09 elementor-widget elementor-widget-text-editor\" data-id=\"fcf8e09\" data-element_type=\"widget\" data-e-type=\"widget\" data-widget_type=\"text-editor.default\">\n\t\t\t\t<div class=\"elementor-widget-container\">\n\t\t\t\t\t\t\t\t\t<p><nav aria-label=\"breadcrumbs\" class=\"rank-math-breadcrumb\"><p><span class=\"last\">Page d'accueil<\/span><\/p><\/nav><\/p>\t\t\t\t\t\t\t\t<\/div>\n\t\t\t\t<\/div>\n\t\t\t\t\t<\/div>\n\t\t<\/div>\n\t\t\t\t\t<\/div>\n\t\t<\/section>\n\t\t<div class=\"elementor-element elementor-element-6bd6306 e-flex e-con-boxed e-con e-parent\" data-id=\"6bd6306\" data-element_type=\"container\" data-e-type=\"container\">\n\t\t\t\t\t<div class=\"e-con-inner\">\n\t\t<div class=\"elementor-element elementor-element-6b82c4c e-flex e-con-boxed e-con e-child\" data-id=\"6b82c4c\" data-element_type=\"container\" data-e-type=\"container\" data-settings=\"{&quot;background_background&quot;:&quot;classic&quot;}\">\n\t\t\t\t\t<div class=\"e-con-inner\">\n\t\t\t\t<div class=\"elementor-element elementor-element-55e639d elementor-widget elementor-widget-spacer\" data-id=\"55e639d\" data-element_type=\"widget\" data-e-type=\"widget\" data-widget_type=\"spacer.default\">\n\t\t\t\t<div class=\"elementor-widget-container\">\n\t\t\t\t\t\t\t<div class=\"elementor-spacer\">\n\t\t\t<div class=\"elementor-spacer-inner\"><\/div>\n\t\t<\/div>\n\t\t\t\t\t\t<\/div>\n\t\t\t\t<\/div>\n\t\t\t\t<div class=\"elementor-element elementor-element-9ba2bd2 elementor-widget elementor-widget-heading\" data-id=\"9ba2bd2\" data-element_type=\"widget\" data-e-type=\"widget\" data-widget_type=\"heading.default\">\n\t\t\t\t<div class=\"elementor-widget-container\">\n\t\t\t\t\t<h1 class=\"elementor-heading-title elementor-size-default\">DER BUSINESS Travel TOP prestataire de voyages d'affaires en Allemagne<\/h1>\t\t\t\t<\/div>\n\t\t\t\t<\/div>\n\t\t\t\t<div class=\"elementor-element elementor-element-3d65ad6 elementor-widget elementor-widget-heading\" data-id=\"3d65ad6\" data-element_type=\"widget\" data-e-type=\"widget\" data-widget_type=\"heading.default\">\n\t\t\t\t<div class=\"elementor-widget-container\">\n\t\t\t\t\t<h3 class=\"elementor-heading-title elementor-size-default\">4e place au classement du portail international Business Travel News<\/h3>\t\t\t\t<\/div>\n\t\t\t\t<\/div>\n\t\t\t\t<div class=\"elementor-element elementor-element-98f36a3 elementor-widget elementor-widget-post-info\" data-id=\"98f36a3\" data-element_type=\"widget\" data-e-type=\"widget\" data-widget_type=\"post-info.default\">\n\t\t\t\t<div class=\"elementor-widget-container\">\n\t\t\t\t\t\t\t<ul class=\"elementor-inline-items elementor-icon-list-items elementor-post-info\">\n\t\t\t\t\t\t\t\t<li class=\"elementor-icon-list-item elementor-repeater-item-f97af2f elementor-inline-item\" itemprop=\"datePublished\">\n\t\t\t\t\t\t<a href=\"https:\/\/derbusiness.com\/fr\/2024\/08\/15\/\">\n\t\t\t\t\t\t\t\t\t\t\t<span class=\"elementor-icon-list-icon\">\n\t\t\t\t\t\t\t\t<i aria-hidden=\"true\" class=\"fas fa-calendar\"><\/i>\t\t\t\t\t\t\t<\/span>\n\t\t\t\t\t\t\t\t\t<span class=\"elementor-icon-list-text elementor-post-info__item elementor-post-info__item--type-date\">\n\t\t\t\t\t\t\t\t\t\t<time>15 ao\u00fbt 2024<\/time>\t\t\t\t\t<\/span>\n\t\t\t\t\t\t\t\t\t<\/a>\n\t\t\t\t<\/li>\n\t\t\t\t<\/ul>\n\t\t\t\t\t\t<\/div>\n\t\t\t\t<\/div>\n\t\t\t\t<div class=\"elementor-element elementor-element-3dc9fc1 elementor-widget elementor-widget-text-editor\" data-id=\"3dc9fc1\" data-element_type=\"widget\" data-e-type=\"widget\" data-widget_type=\"text-editor.default\">\n\t\t\t\t<div class=\"elementor-widget-container\">\n\t\t\t\t\t\t\t\t\t<p>DER BUSINESS Travel (DER BT) est l'un des principaux fournisseurs de voyages d'affaires en Allemagne. C'est ce qui ressort d'un aper\u00e7u actuel du portail international de services et de conseils Business Travel News Europe. Dans ce rapport, qui contient entre autres les profils de plus de 130 organisations, DER BT a obtenu la quatri\u00e8me place parmi les principales soci\u00e9t\u00e9s de gestion de voyages sur le march\u00e9 allemand.<\/p><p>Chaque ann\u00e9e, le portail europ\u00e9en offre un aper\u00e7u des plus grandes agences de voyages d'affaires au Royaume-Uni, en France, en Espagne, en Italie, au Benelux, dans les pays nordiques et en Allemagne. Cette ann\u00e9e, DER BT s'est \u00e0 nouveau class\u00e9 dans le TOP 5.<\/p><p>\"Nous sommes tr\u00e8s heureux d'avoir obtenu la quatri\u00e8me place juste derri\u00e8re les grands concurrents mondiaux du secteur. Cela montre que l'excellent engagement de nos \u00e9quipes de service en vaut la peine et que DER BUSINESS Travel est \u00e9galement per\u00e7u au niveau international\", d\u00e9clare Katja Vortmann, vice-pr\u00e9sidente de DER BT.<\/p>\t\t\t\t\t\t\t\t<\/div>\n\t\t\t\t<\/div>\n\t\t\t\t<div class=\"elementor-element elementor-element-7621ee9 elementor-widget elementor-widget-text-editor\" data-id=\"7621ee9\" data-element_type=\"widget\" data-e-type=\"widget\" data-widget_type=\"text-editor.default\">\n\t\t\t\t<div class=\"elementor-widget-container\">\n\t\t\t\t\t\t\t\t\t<p><img decoding=\"async\" class=\"alignleft wp-image-16975\" src=\"https:\/\/derbusiness.com\/wp-content\/uploads\/2024\/09\/datei-300x300.png\" alt=\"\" width=\"24\" height=\"24\" srcset=\"https:\/\/derbusiness.com\/wp-content\/uploads\/2024\/09\/datei-300x300.png 300w, https:\/\/derbusiness.com\/wp-content\/uploads\/2024\/09\/datei-150x150.png 150w, https:\/\/derbusiness.com\/wp-content\/uploads\/2024\/09\/datei.png 512w\" sizes=\"(max-width: 24px) 100vw, 24px\" \/><a href=\"https:\/\/derbusiness.com\/wp-content\/uploads\/2024\/09\/20240815_DER_Businesstravel_PM_4_Platz.pdf\">Communiqu\u00e9 de presse \"LE BT TOP des prestataires de voyages d'affaires en Allemagne<\/a><a href=\"https:\/\/derbusiness.com\/wp-content\/uploads\/2024\/08\/240819_DER-Business-Travel_PM_Club.pdf\"><br \/><\/a><\/p>\t\t\t\t\t\t\t\t<\/div>\n\t\t\t\t<\/div>\n\t\t\t\t<div class=\"elementor-element elementor-element-9df611f elementor-widget elementor-widget-spacer\" data-id=\"9df611f\" data-element_type=\"widget\" data-e-type=\"widget\" data-widget_type=\"spacer.default\">\n\t\t\t\t<div class=\"elementor-widget-container\">\n\t\t\t\t\t\t\t<div class=\"elementor-spacer\">\n\t\t\t<div class=\"elementor-spacer-inner\"><\/div>\n\t\t<\/div>\n\t\t\t\t\t\t<\/div>\n\t\t\t\t<\/div>\n\t\t<div class=\"elementor-element elementor-element-17c2794 e-flex e-con-boxed e-con e-child\" data-id=\"17c2794\" data-element_type=\"container\" data-e-type=\"container\" data-settings=\"{&quot;background_background&quot;:&quot;classic&quot;}\">\n\t\t\t\t\t<div class=\"e-con-inner\">\n\t\t\t\t<div class=\"elementor-element elementor-element-cd510ee elementor-widget elementor-widget-heading\" data-id=\"cd510ee\" data-element_type=\"widget\" data-e-type=\"widget\" data-widget_type=\"heading.default\">\n\t\t\t\t<div class=\"elementor-widget-container\">\n\t\t\t\t\t<h2 class=\"elementor-heading-title elementor-size-default\">Contact presse<\/h2>\t\t\t\t<\/div>\n\t\t\t\t<\/div>\n\t\t<div class=\"elementor-element elementor-element-a7ea5e0 e-flex e-con-boxed e-con e-child\" data-id=\"a7ea5e0\" data-element_type=\"container\" data-e-type=\"container\">\n\t\t\t\t\t<div class=\"e-con-inner\">\n\t\t\t\t<div class=\"elementor-element elementor-element-279e44a elementor-widget elementor-widget-text-editor\" data-id=\"279e44a\" data-element_type=\"widget\" data-e-type=\"widget\" data-widget_type=\"text-editor.default\">\n\t\t\t\t<div class=\"elementor-widget-container\">\n\t\t\t\t\t\t\t\t\t<p>Vous avez des questions sur l'un de nos communiqu\u00e9s de presse ou une demande g\u00e9n\u00e9rale concernant la presse ? Dans ce cas, veuillez vous adresser directement \u00e0 :<\/p><p>Ulrike Hahn<br \/>Global Communication Experts GmbH<br \/>Presse et relations publiques DERPART<\/p><p>Hanauer Landstr. 184<br \/>60314 Francfort<br \/>t : +49 69 17 53 71-064<br \/>f : +49 69 17 53 71-035<br \/>presse.derpart@gce-agency.com<\/p>\t\t\t\t\t\t\t\t<\/div>\n\t\t\t\t<\/div>\n\t\t\t\t\t<\/div>\n\t\t\t\t<\/div>\n\t\t\t\t\t<\/div>\n\t\t\t\t<\/div>\n\t\t\t\t<div class=\"elementor-element elementor-element-db941d2 elementor-widget elementor-widget-spacer\" data-id=\"db941d2\" data-element_type=\"widget\" data-e-type=\"widget\" data-widget_type=\"spacer.default\">\n\t\t\t\t<div class=\"elementor-widget-container\">\n\t\t\t\t\t\t\t<div class=\"elementor-spacer\">\n\t\t\t<div class=\"elementor-spacer-inner\"><\/div>\n\t\t<\/div>\n\t\t\t\t\t\t<\/div>\n\t\t\t\t<\/div>\n\t\t\t\t\t<\/div>\n\t\t\t\t<\/div>\n\t\t\t\t\t<\/div>\n\t\t\t\t<\/div>\n\t\t<div class=\"elementor-element elementor-element-90fc282 e-flex e-con-boxed e-con e-parent\" data-id=\"90fc282\" data-element_type=\"container\" data-e-type=\"container\">\n\t\t\t\t\t<div class=\"e-con-inner\">\n\t\t\t\t<div class=\"elementor-element elementor-element-6eab159 elementor-widget elementor-widget-spacer\" data-id=\"6eab159\" data-element_type=\"widget\" data-e-type=\"widget\" data-widget_type=\"spacer.default\">\n\t\t\t\t<div class=\"elementor-widget-container\">\n\t\t\t\t\t\t\t<div class=\"elementor-spacer\">\n\t\t\t<div class=\"elementor-spacer-inner\"><\/div>\n\t\t<\/div>\n\t\t\t\t\t\t<\/div>\n\t\t\t\t<\/div>\n\t\t\t\t\t<\/div>\n\t\t\t\t<\/div>\n\t\t\t\t<\/div>","protected":false},"excerpt":{"rendered":"<p>4. Platz beim Ranking des internationalen Portals Business Travel News DER BUSINESS Travel (DER BT) geh\u00f6rt zu den f\u00fchrenden Gesch\u00e4ftsreiseanbietern Deutschlands. Das geht aus einer aktuellen \u00dcbersicht des internationalen Service- und Ratgeberportals Business Travel News Europe hervor. In dem Bericht, der unter anderem Profile von mehr als 130 Organisationen enth\u00e4lt, erzielte DER BT den vierten [&hellip;]<\/p>\n","protected":false},"author":10,"featured_media":0,"comment_status":"closed","ping_status":"closed","sticky":false,"template":"elementor_header_footer","format":"standard","meta":{"footnotes":""},"categories":[21],"tags":[],"class_list":["post-17002","post","type-post","status-publish","format-standard","hentry","category-presse"],"_links":{"self":[{"href":"https:\/\/derbusiness.com\/fr\/wp-json\/wp\/v2\/posts\/17002","targetHints":{"allow":["GET"]}}],"collection":[{"href":"https:\/\/derbusiness.com\/fr\/wp-json\/wp\/v2\/posts"}],"about":[{"href":"https:\/\/derbusiness.com\/fr\/wp-json\/wp\/v2\/types\/post"}],"author":[{"embeddable":true,"href":"https:\/\/derbusiness.com\/fr\/wp-json\/wp\/v2\/users\/10"}],"replies":[{"embeddable":true,"href":"https:\/\/derbusiness.com\/fr\/wp-json\/wp\/v2\/comments?post=17002"}],"version-history":[{"count":16,"href":"https:\/\/derbusiness.com\/fr\/wp-json\/wp\/v2\/posts\/17002\/revisions"}],"predecessor-version":[{"id":23128,"href":"https:\/\/derbusiness.com\/fr\/wp-json\/wp\/v2\/posts\/17002\/revisions\/23128"}],"wp:attachment":[{"href":"https:\/\/derbusiness.com\/fr\/wp-json\/wp\/v2\/media?parent=17002"}],"wp:term":[{"taxonomy":"category","embeddable":true,"href":"https:\/\/derbusiness.com\/fr\/wp-json\/wp\/v2\/categories?post=17002"},{"taxonomy":"post_tag","embeddable":true,"href":"https:\/\/derbusiness.com\/fr\/wp-json\/wp\/v2\/tags?post=17002"}],"curies":[{"name":"wp","href":"https:\/\/api.w.org\/{rel}","templated":true}]}}