{"id":20324,"date":"2025-06-11T08:02:39","date_gmt":"2025-06-11T08:02:39","guid":{"rendered":"https:\/\/derbusiness.com\/?p=20324"},"modified":"2026-03-31T13:36:35","modified_gmt":"2026-03-31T13:36:35","slug":"menzell-reisebuero-schliesst-sich-derpart-an","status":"publish","type":"post","link":"https:\/\/derbusiness.com\/en\/2025\/06\/11\/menzell-reisebuero-schliesst-sich-derpart-an\/","title":{"rendered":"Reorganisation in the business travel sector: Menzell Reiseb\u00fcro joins DERPART"},"content":{"rendered":"<div data-elementor-type=\"wp-post\" data-elementor-id=\"20324\" class=\"elementor elementor-20324\" data-elementor-post-type=\"post\">\n\t\t\t\t\t\t<section class=\"elementor-section elementor-top-section elementor-element elementor-element-c29f91d elementor-hidden-desktop elementor-hidden-tablet elementor-hidden-mobile elementor-section-boxed elementor-section-height-default elementor-section-height-default\" data-id=\"c29f91d\" data-element_type=\"section\" data-e-type=\"section\" data-settings=\"{&quot;background_background&quot;:&quot;classic&quot;}\">\n\t\t\t\t\t\t\t<div class=\"elementor-background-overlay\"><\/div>\n\t\t\t\t\t\t\t<div class=\"elementor-container elementor-column-gap-default\">\n\t\t\t\t\t<div class=\"elementor-column elementor-col-100 elementor-top-column elementor-element elementor-element-a11edd5\" data-id=\"a11edd5\" data-element_type=\"column\" data-e-type=\"column\">\n\t\t\t<div class=\"elementor-widget-wrap elementor-element-populated\">\n\t\t\t\t<div class=\"elementor-element elementor-element-e4d9330 e-con-full e-flex e-con e-child\" data-id=\"e4d9330\" data-element_type=\"container\" data-e-type=\"container\">\n\t\t\t\t<div class=\"elementor-element elementor-element-8a799b9 elementor-widget elementor-widget-spacer\" data-id=\"8a799b9\" data-element_type=\"widget\" data-e-type=\"widget\" data-widget_type=\"spacer.default\">\n\t\t\t\t<div class=\"elementor-widget-container\">\n\t\t\t\t\t\t\t<div class=\"elementor-spacer\">\n\t\t\t<div class=\"elementor-spacer-inner\"><\/div>\n\t\t<\/div>\n\t\t\t\t\t\t<\/div>\n\t\t\t\t<\/div>\n\t\t\t\t<div class=\"elementor-element elementor-element-5610da4 elementor-widget elementor-widget-spacer\" data-id=\"5610da4\" data-element_type=\"widget\" data-e-type=\"widget\" data-widget_type=\"spacer.default\">\n\t\t\t\t<div class=\"elementor-widget-container\">\n\t\t\t\t\t\t\t<div class=\"elementor-spacer\">\n\t\t\t<div class=\"elementor-spacer-inner\"><\/div>\n\t\t<\/div>\n\t\t\t\t\t\t<\/div>\n\t\t\t\t<\/div>\n\t\t\t\t<\/div>\n\t\t\t\t\t<\/div>\n\t\t<\/div>\n\t\t\t\t\t<\/div>\n\t\t<\/section>\n\t\t\t\t<section class=\"elementor-section elementor-top-section elementor-element elementor-element-11ff021 elementor-section-boxed elementor-section-height-default elementor-section-height-default\" data-id=\"11ff021\" data-element_type=\"section\" data-e-type=\"section\">\n\t\t\t\t\t\t<div class=\"elementor-container elementor-column-gap-default\">\n\t\t\t\t\t<div class=\"elementor-column elementor-col-100 elementor-top-column elementor-element elementor-element-a2345df\" data-id=\"a2345df\" data-element_type=\"column\" data-e-type=\"column\">\n\t\t\t<div class=\"elementor-widget-wrap elementor-element-populated\">\n\t\t\t\t\t\t<div class=\"elementor-element elementor-element-fcf8e09 elementor-widget elementor-widget-text-editor\" data-id=\"fcf8e09\" data-element_type=\"widget\" data-e-type=\"widget\" data-widget_type=\"text-editor.default\">\n\t\t\t\t<div class=\"elementor-widget-container\">\n\t\t\t\t\t\t\t\t\t<p><nav aria-label=\"breadcrumbs\" class=\"rank-math-breadcrumb\"><p><span class=\"last\">Home page<\/span><\/p><\/nav><\/p>\t\t\t\t\t\t\t\t<\/div>\n\t\t\t\t<\/div>\n\t\t\t\t\t<\/div>\n\t\t<\/div>\n\t\t\t\t\t<\/div>\n\t\t<\/section>\n\t\t<div class=\"elementor-element elementor-element-6bd6306 e-flex e-con-boxed e-con e-parent\" data-id=\"6bd6306\" data-element_type=\"container\" data-e-type=\"container\">\n\t\t\t\t\t<div class=\"e-con-inner\">\n\t\t<div class=\"elementor-element elementor-element-6b82c4c e-flex e-con-boxed e-con e-child\" data-id=\"6b82c4c\" data-element_type=\"container\" data-e-type=\"container\" data-settings=\"{&quot;background_background&quot;:&quot;classic&quot;}\">\n\t\t\t\t\t<div class=\"e-con-inner\">\n\t\t\t\t<div class=\"elementor-element elementor-element-55e639d elementor-widget elementor-widget-spacer\" data-id=\"55e639d\" data-element_type=\"widget\" data-e-type=\"widget\" data-widget_type=\"spacer.default\">\n\t\t\t\t<div class=\"elementor-widget-container\">\n\t\t\t\t\t\t\t<div class=\"elementor-spacer\">\n\t\t\t<div class=\"elementor-spacer-inner\"><\/div>\n\t\t<\/div>\n\t\t\t\t\t\t<\/div>\n\t\t\t\t<\/div>\n\t\t\t\t<div class=\"elementor-element elementor-element-9ba2bd2 elementor-widget elementor-widget-heading\" data-id=\"9ba2bd2\" data-element_type=\"widget\" data-e-type=\"widget\" data-widget_type=\"heading.default\">\n\t\t\t\t<div class=\"elementor-widget-container\">\n\t\t\t\t\t<h1 class=\"elementor-heading-title elementor-size-default\">Reorganisation in the business travel sector: Menzell Reiseb\u00fcro joins DERPART<\/h1>\t\t\t\t<\/div>\n\t\t\t\t<\/div>\n\t\t\t\t<div class=\"elementor-element elementor-element-33ae9d8 elementor-widget elementor-widget-heading\" data-id=\"33ae9d8\" data-element_type=\"widget\" data-e-type=\"widget\" data-widget_type=\"heading.default\">\n\t\t\t\t<div class=\"elementor-widget-container\">\n\t\t\t\t\t<h2 class=\"elementor-heading-title elementor-size-default\">Traditional Hamburg-based company focuses on technological strength and partnership network<\/h2>\t\t\t\t<\/div>\n\t\t\t\t<\/div>\n\t\t\t\t<div class=\"elementor-element elementor-element-98f36a3 elementor-widget elementor-widget-post-info\" data-id=\"98f36a3\" data-element_type=\"widget\" data-e-type=\"widget\" data-widget_type=\"post-info.default\">\n\t\t\t\t<div class=\"elementor-widget-container\">\n\t\t\t\t\t\t\t<ul class=\"elementor-inline-items elementor-icon-list-items elementor-post-info\">\n\t\t\t\t\t\t\t\t<li class=\"elementor-icon-list-item elementor-repeater-item-f97af2f elementor-inline-item\" itemprop=\"datePublished\">\n\t\t\t\t\t\t<a href=\"https:\/\/derbusiness.com\/en\/2025\/06\/11\/\">\n\t\t\t\t\t\t\t\t\t\t\t<span class=\"elementor-icon-list-icon\">\n\t\t\t\t\t\t\t\t<i aria-hidden=\"true\" class=\"fas fa-calendar\"><\/i>\t\t\t\t\t\t\t<\/span>\n\t\t\t\t\t\t\t\t\t<span class=\"elementor-icon-list-text elementor-post-info__item elementor-post-info__item--type-date\">\n\t\t\t\t\t\t\t\t\t\t<time>11 June 2025<\/time>\t\t\t\t\t<\/span>\n\t\t\t\t\t\t\t\t\t<\/a>\n\t\t\t\t<\/li>\n\t\t\t\t<\/ul>\n\t\t\t\t\t\t<\/div>\n\t\t\t\t<\/div>\n\t\t\t\t<div class=\"elementor-element elementor-element-3dc9fc1 elementor-widget elementor-widget-text-editor\" data-id=\"3dc9fc1\" data-element_type=\"widget\" data-e-type=\"widget\" data-widget_type=\"text-editor.default\">\n\t\t\t\t<div class=\"elementor-widget-container\">\n\t\t\t\t\t\t\t\t\t<p>Menzell Reiseb\u00fcro GmbH and its business travel unit will become part of the DERPART network on 1 December 2025. In future, sales in the business travel market will be handled by the DER BUSINESS Travel (DER BT) brand. The company is currently still a member of the AER cooperation for the business travel sector - by switching to DERPART, the Hamburg-based travel agency is aiming for a clear strategic realignment in the business travel sector.<\/p><p>Founded in the early 1950s by the Hamburg shipbrokers Menzell &amp; Co, the company is one of the oldest privately run travel agencies in the Hanseatic city. As early as the 1970s, the travel agency specialised in business travel for medium-sized and large companies. As a founding member and later franchise partner of the FIRST Business Travel brand, the company was firmly established in the business travel market for many years. After the brand was discontinued, the company underwent a strategic reorientation and initially joined the AER cooperation.<\/p><p>Andreas Preu\u00df has been an additional Managing Director of Menzell Reiseb\u00fcro GmbH since 2018. He came from the branch operations of FIRST Business Travel and took over as Head of Corporate Services at the company. His Managing Director colleague Andreas Folkmann has been responsible for the tourism division since then. Together, they are driving the further development of the traditional agency with a clear focus on quality, service and sustainability.<\/p><p>\"Our focus is on strategic development in the business travel sector. How can we improve, work more efficiently and learn new things? DER BUSINESS Travel seems to us to be the ideal partner for this,\" says Andreas Preu\u00df. \"Modern technology and, more importantly, the personal and professional exchange will benefit both our team and our customers. From the very first moment, we had the feeling that we were dealing with absolute professionals who are passionate about business travel - just like us.\"<\/p><p>The team was particularly impressed by the technological solutions in the DERPART network - above all the DORS control tool and the newly developed DERfare full content system. At the open house at the Frankfurt headquarters in March, Preu\u00df was able to get a comprehensive picture of the system, familiarise himself with various departments and talk to employees. \"The visit only confirmed our decision - we experienced a highly professional environment there, in which genuine dialogue takes place at eye level,\" Preu\u00df continues.<\/p><p>Andreas Weber, Managing Director of DERPART, welcomes the new partner: \"The team around Andreas Preu\u00df not only brings decades of experience to the table, but also a great openness to innovation. We are delighted that the Hamburg-based company has decided in favour of DER BUSINESS Travel - and this confirms our self-image as a modern, partnership-based network for strong entrepreneurship.\"<\/p><p>The Menzell Reiseb\u00fcro team currently comprises 13 employees, eight of whom work in the business travel sector.<\/p><p>The next events in the Open House series at the DERPART headquarters in Frankfurt will take place on 1 July and 12 November. Participants will gain an insight into the system, structures and working methods of the franchise network. Register at www.derpart.com\/openhouse.<\/p>\t\t\t\t\t\t\t\t<\/div>\n\t\t\t\t<\/div>\n\t\t\t\t<div class=\"elementor-element elementor-element-7621ee9 elementor-widget elementor-widget-text-editor\" data-id=\"7621ee9\" data-element_type=\"widget\" data-e-type=\"widget\" data-widget_type=\"text-editor.default\">\n\t\t\t\t<div class=\"elementor-widget-container\">\n\t\t\t\t\t\t\t\t\t<p><img decoding=\"async\" class=\"alignleft wp-image-16975\" src=\"https:\/\/derbusiness.com\/wp-content\/uploads\/2024\/09\/datei-300x300.png\" alt=\"\" width=\"24\" height=\"24\" srcset=\"https:\/\/derbusiness.com\/wp-content\/uploads\/2024\/09\/datei-300x300.png 300w, https:\/\/derbusiness.com\/wp-content\/uploads\/2024\/09\/datei-150x150.png 150w, https:\/\/derbusiness.com\/wp-content\/uploads\/2024\/09\/datei.png 512w\" sizes=\"(max-width: 24px) 100vw, 24px\" \/><a href=\"https:\/\/derbusiness.com\/wp-content\/uploads\/2025\/06\/250610_DER_BUSINESS_Travel_PM_Neuer_Franchisepartner_Menzell.pdf\">Press release \"Menzell travel agency joins DERPART\"<\/a><\/p>\t\t\t\t\t\t\t\t<\/div>\n\t\t\t\t<\/div>\n\t\t\t\t<div class=\"elementor-element elementor-element-9df611f elementor-widget elementor-widget-spacer\" data-id=\"9df611f\" data-element_type=\"widget\" data-e-type=\"widget\" data-widget_type=\"spacer.default\">\n\t\t\t\t<div class=\"elementor-widget-container\">\n\t\t\t\t\t\t\t<div class=\"elementor-spacer\">\n\t\t\t<div class=\"elementor-spacer-inner\"><\/div>\n\t\t<\/div>\n\t\t\t\t\t\t<\/div>\n\t\t\t\t<\/div>\n\t\t<div class=\"elementor-element elementor-element-17c2794 e-flex e-con-boxed e-con e-child\" data-id=\"17c2794\" data-element_type=\"container\" data-e-type=\"container\" data-settings=\"{&quot;background_background&quot;:&quot;classic&quot;}\">\n\t\t\t\t\t<div class=\"e-con-inner\">\n\t\t\t\t<div class=\"elementor-element elementor-element-cd510ee elementor-widget elementor-widget-heading\" data-id=\"cd510ee\" data-element_type=\"widget\" data-e-type=\"widget\" data-widget_type=\"heading.default\">\n\t\t\t\t<div class=\"elementor-widget-container\">\n\t\t\t\t\t<h2 class=\"elementor-heading-title elementor-size-default\">Press contact<\/h2>\t\t\t\t<\/div>\n\t\t\t\t<\/div>\n\t\t<div class=\"elementor-element elementor-element-a7ea5e0 e-flex e-con-boxed e-con e-child\" data-id=\"a7ea5e0\" data-element_type=\"container\" data-e-type=\"container\">\n\t\t\t\t\t<div class=\"e-con-inner\">\n\t\t\t\t<div class=\"elementor-element elementor-element-279e44a elementor-widget elementor-widget-text-editor\" data-id=\"279e44a\" data-element_type=\"widget\" data-e-type=\"widget\" data-widget_type=\"text-editor.default\">\n\t\t\t\t<div class=\"elementor-widget-container\">\n\t\t\t\t\t\t\t\t\t<p>Do you have questions about one of our press releases or a general press enquiry? Then please contact us directly:<\/p><p>Ulrike Hahn<br \/>Global Communication Experts GmbH<br \/>Press and Public Relations DERPART<\/p><p>Hanauer Landstr. 184<br \/>60314 Frankfurt<br \/>t: +49 69 17 53 71-064<br \/>f: +49 69 17 53 71-035<br \/>presse.derpart@gce-agency.com<\/p>\t\t\t\t\t\t\t\t<\/div>\n\t\t\t\t<\/div>\n\t\t\t\t\t<\/div>\n\t\t\t\t<\/div>\n\t\t\t\t\t<\/div>\n\t\t\t\t<\/div>\n\t\t\t\t<div class=\"elementor-element elementor-element-db941d2 elementor-widget elementor-widget-spacer\" data-id=\"db941d2\" data-element_type=\"widget\" data-e-type=\"widget\" data-widget_type=\"spacer.default\">\n\t\t\t\t<div class=\"elementor-widget-container\">\n\t\t\t\t\t\t\t<div class=\"elementor-spacer\">\n\t\t\t<div class=\"elementor-spacer-inner\"><\/div>\n\t\t<\/div>\n\t\t\t\t\t\t<\/div>\n\t\t\t\t<\/div>\n\t\t\t\t\t<\/div>\n\t\t\t\t<\/div>\n\t\t\t\t\t<\/div>\n\t\t\t\t<\/div>\n\t\t<div class=\"elementor-element elementor-element-90fc282 e-flex e-con-boxed e-con e-parent\" data-id=\"90fc282\" data-element_type=\"container\" data-e-type=\"container\">\n\t\t\t\t\t<div class=\"e-con-inner\">\n\t\t\t\t<div class=\"elementor-element elementor-element-6eab159 elementor-widget elementor-widget-spacer\" data-id=\"6eab159\" data-element_type=\"widget\" data-e-type=\"widget\" data-widget_type=\"spacer.default\">\n\t\t\t\t<div class=\"elementor-widget-container\">\n\t\t\t\t\t\t\t<div class=\"elementor-spacer\">\n\t\t\t<div class=\"elementor-spacer-inner\"><\/div>\n\t\t<\/div>\n\t\t\t\t\t\t<\/div>\n\t\t\t\t<\/div>\n\t\t\t\t\t<\/div>\n\t\t\t\t<\/div>\n\t\t\t\t<\/div>","protected":false},"excerpt":{"rendered":"<p>Hamburger Traditionsunternehmen setzt auf technologische St\u00e4rke und partnerschaftliches Netzwerk Die Menzell Reiseb\u00fcro GmbH wird mit ihrer Gesch\u00e4ftsreiseeinheit zum 1. Dezember 2025 Teil des DERPART Netzwerks. Der Vertrieb im Gesch\u00e4ftsreisemarkt erfolgt k\u00fcnftig \u00fcber die Marke DER BUSINESS Travel (DER BT). Aktuell ist das Unternehmen f\u00fcr den Business Travel Bereich noch Mitglied der AER Kooperation \u2013 mit [&hellip;]<\/p>\n","protected":false},"author":10,"featured_media":0,"comment_status":"closed","ping_status":"closed","sticky":false,"template":"elementor_header_footer","format":"standard","meta":{"footnotes":""},"categories":[21],"tags":[],"class_list":["post-20324","post","type-post","status-publish","format-standard","hentry","category-presse"],"_links":{"self":[{"href":"https:\/\/derbusiness.com\/en\/wp-json\/wp\/v2\/posts\/20324","targetHints":{"allow":["GET"]}}],"collection":[{"href":"https:\/\/derbusiness.com\/en\/wp-json\/wp\/v2\/posts"}],"about":[{"href":"https:\/\/derbusiness.com\/en\/wp-json\/wp\/v2\/types\/post"}],"author":[{"embeddable":true,"href":"https:\/\/derbusiness.com\/en\/wp-json\/wp\/v2\/users\/10"}],"replies":[{"embeddable":true,"href":"https:\/\/derbusiness.com\/en\/wp-json\/wp\/v2\/comments?post=20324"}],"version-history":[{"count":10,"href":"https:\/\/derbusiness.com\/en\/wp-json\/wp\/v2\/posts\/20324\/revisions"}],"predecessor-version":[{"id":23110,"href":"https:\/\/derbusiness.com\/en\/wp-json\/wp\/v2\/posts\/20324\/revisions\/23110"}],"wp:attachment":[{"href":"https:\/\/derbusiness.com\/en\/wp-json\/wp\/v2\/media?parent=20324"}],"wp:term":[{"taxonomy":"category","embeddable":true,"href":"https:\/\/derbusiness.com\/en\/wp-json\/wp\/v2\/categories?post=20324"},{"taxonomy":"post_tag","embeddable":true,"href":"https:\/\/derbusiness.com\/en\/wp-json\/wp\/v2\/tags?post=20324"}],"curies":[{"name":"wp","href":"https:\/\/api.w.org\/{rel}","templated":true}]}}